{"id":66166,"date":"2012-03-01T19:26:23","date_gmt":"2012-03-01T19:26:23","guid":{"rendered":"http:\/\/diariodominicano.ddns.net\/?p=66166"},"modified":"2012-03-01T19:26:23","modified_gmt":"2012-03-01T19:26:23","slug":"embajadores-de-paises-francofonos-anuncian-la-celebracion-de-la-francofonia","status":"publish","type":"post","link":"https:\/\/diariodominicano.com\/?p=66166","title":{"rendered":"Embajadores de pa\u00edses franc\u00f3fonos anuncian la celebraci\u00f3n de la Francofon\u00eda"},"content":{"rendered":"<p><body><\/p>\n<p><img decoding=\"async\" src=\"img3\/francofonia.JPG\" \/>  <\/p>\n<p><span class=\"text1noticias\">Rep.Dom, 1 de Marzo.- Los Embajadores de los pa\u00edses franc\u00f3fonos acreditados en la Rep\u00fablica Dominicana anunciaron la celebraci\u00f3n de la Francofon\u00eda con diversas actividades ling\u00fc\u00edsticas, culturales y l\u00fadicas durante todo el mes de marzo en las ciudades Santo Domingo, Santiago, Barahona, R\u00edo San Juan y San Francisco de Macor\u00eds.<\/span><\/p>\n<\/p>\n<p><span class=\"text1noticias\">La conferencia de prensa fue encabezada por la Embajadora de Francia, se\u00f1ora Blandine Kreiss, quien estuvo acompa\u00f1ada por los Embajadores o representantes de las misiones diplom\u00e1ticas de Canad\u00e1, Hait\u00ed, Marruecos, Suiza, B\u00e9lgica y M\u00f3naco, as\u00ed como por la Embajadora adscrita a la Francofon\u00eda, se\u00f1ora Delia Blanco. <\/span><\/p>\n<\/p>\n<p><span class=\"text1noticias\">Hablando en representaci\u00f3n de sus colegas, la Embajadora de Francia anunci\u00f3 que este a\u00f1o la celebraci\u00f3n alcanza su madurez con la realizaci\u00f3n de 37 actividades diversas, con la participaci\u00f3n y respaldo de 16 instituciones dominicanas, ubicadas en cinco ciudades.  <\/span><\/p>\n<\/p>\n<p><span class=\"text1noticias\">Como parte de este amplio programa, la diplom\u00e1tica resalt\u00f3 que el Ministerio de Educaci\u00f3n  (MINERD) organizar\u00e1 un evento de clausura: el \u00abFestival nacional de la canci\u00f3n franc\u00f3fona\u00bb, con la participaci\u00f3n de los estudiantes de sus 18 regionales. <\/span><\/p>\n<\/p>\n<p><span class=\"text1noticias\">Tambi\u00e9n se organizar\u00e1n tres festivales de cine franc\u00f3fono que ser\u00e1n presentados, a partir del jueves 15 de marzo, en la Cinemateca Dominicana, en Santiago y en Barahona. El programa completo de los eventos puede ser consultado en la p\u00e1gina de Internet: www.educando.edu.do  <\/span><\/p>\n<\/p>\n<p><span class=\"text1noticias\">Desde 2010, la Rep\u00fablica Dominicana forma parte de la Organizaci\u00f3n Internacional de la Francofon\u00eda como pa\u00eds observador, reafirmando el inter\u00e9s del Estado dominicano por difundir las culturas franc\u00f3fonas.  <\/span><\/p>\n<\/p>\n<p><span class=\"text1noticias\">La Organizaci\u00f3n Internacional de la Francofon\u00eda (OIF), que fue creada en 1970, es una organizaci\u00f3n que incluye a m\u00e1s de 70 Estados y gobiernos y observadores deseosos de promover la solidaridad, el respeto al estado de derecho y la democracia, la diversidad cultural y ling\u00fc\u00edstica en el mundo.  Cada a\u00f1o, el 20 de marzo, se conmemora el \u00abD\u00eda Mundial de la Francofon\u00eda\u00bb<\/span>.<\/p>\n<h6> 2012-03-01 19:26:23 <\/h6>\n<p><!--\n<link rel=\"stylesheet\" href=\"css\/bootstrap.min.css\">\n\n\n<ul class=\"pagination\">\n\t    \n\t\n\n<li >\n\t<a href='?page_no=17843'>Previous<\/a>\n\t<\/li>\n\n\n       \n    \n\n<li><a href='?page_no=1'>1<\/a><\/li>\n\n\n\n<li><a href='?page_no=2'>2<\/a><\/li>\n\n\n\n<li><a>...<\/a><\/li>\n\n\n\n<li><a href='?page_no=17842'>17842<\/a><\/li>\n\n\n\n<li><a href='?page_no=17843'>17843<\/a><\/li>\n\n\n\n<li class='active'><a>17844<\/a><\/li>\n\n\n\n<li><a href='?page_no=17845'>17845<\/a><\/li>\n\n\n\n<li><a href='?page_no=17846'>17846<\/a><\/li>\n\n\n\n<li><a>...<\/a><\/li>\n\n\n\n<li><a href='?page_no=22911'>22911<\/a><\/li>\n\n\n\n<li><a href='?page_no=22912'>22912<\/a><\/li>\n\n    \n\t\n\n<li >\n\t<a href='?page_no=17845'>Next<\/a>\n\t<\/li>\n\n\n    \n\n<li><a href='?page_no=22912'>Last &rsaquo;&rsaquo;<\/a><\/li>\n\n<\/ul>\n\n\n--><br \/>\n<\/body><\/p>\n","protected":false},"excerpt":{"rendered":"<p>Rep.Dom, 1 de Marzo.- Los Embajadores de los pa\u00edses franc\u00f3fonos acreditados en la Rep\u00fablica Dominicana anunciaron la celebraci\u00f3n de la Francofon\u00eda con diversas actividades ling\u00fc\u00edsticas, culturales y l\u00fadicas durante todo el mes de marzo en las ciudades Santo Domingo, Santiago, Barahona, R\u00edo San Juan y San Francisco de Macor\u00eds. La conferencia de prensa fue encabezada [&hellip;]<\/p>\n","protected":false},"author":3,"featured_media":0,"comment_status":"open","ping_status":"open","sticky":false,"template":"","format":"standard","meta":{"footnotes":""},"categories":[21],"tags":[],"class_list":["post-66166","post","type-post","status-publish","format-standard","hentry","category-cultura"],"_links":{"self":[{"href":"https:\/\/diariodominicano.com\/index.php?rest_route=\/wp\/v2\/posts\/66166","targetHints":{"allow":["GET"]}}],"collection":[{"href":"https:\/\/diariodominicano.com\/index.php?rest_route=\/wp\/v2\/posts"}],"about":[{"href":"https:\/\/diariodominicano.com\/index.php?rest_route=\/wp\/v2\/types\/post"}],"author":[{"embeddable":true,"href":"https:\/\/diariodominicano.com\/index.php?rest_route=\/wp\/v2\/users\/3"}],"replies":[{"embeddable":true,"href":"https:\/\/diariodominicano.com\/index.php?rest_route=%2Fwp%2Fv2%2Fcomments&post=66166"}],"version-history":[{"count":0,"href":"https:\/\/diariodominicano.com\/index.php?rest_route=\/wp\/v2\/posts\/66166\/revisions"}],"wp:attachment":[{"href":"https:\/\/diariodominicano.com\/index.php?rest_route=%2Fwp%2Fv2%2Fmedia&parent=66166"}],"wp:term":[{"taxonomy":"category","embeddable":true,"href":"https:\/\/diariodominicano.com\/index.php?rest_route=%2Fwp%2Fv2%2Fcategories&post=66166"},{"taxonomy":"post_tag","embeddable":true,"href":"https:\/\/diariodominicano.com\/index.php?rest_route=%2Fwp%2Fv2%2Ftags&post=66166"}],"curies":[{"name":"wp","href":"https:\/\/api.w.org\/{rel}","templated":true}]}}