{"id":66165,"date":"2012-03-01T22:21:09","date_gmt":"2012-03-01T22:21:09","guid":{"rendered":"http:\/\/diariodominicano.ddns.net\/?p=66165"},"modified":"2012-03-01T22:21:09","modified_gmt":"2012-03-01T22:21:09","slug":"afs-intercambios-culturales-destaca-rol-en-50-anos","status":"publish","type":"post","link":"https:\/\/diariodominicano.com\/?p=66165","title":{"rendered":"AFS intercambios culturales destaca rol en 50 a\u00f1os"},"content":{"rendered":"<p><body><\/p>\n<p><img decoding=\"async\" src=\"img3\/intercabiocultural.JPG\" \/>  <\/p>\n<p><span class=\"text1noticias\">Rep.Dom, 1 de Marzo.- AFS Intercambios Culturales ofreci\u00f3 en su Oficina Nacional un coctel de apertura con motivo de sus 50 a\u00f1os en el pa\u00eds. A la actividad asistieron directivos de la organizaci\u00f3n, representantes del cuerpo diplom\u00e1tico acreditado en el pa\u00eds y personalidades del sector empresarial y gubernamental.<\/span><\/p>\n<p><span class=\"text1noticias\"> <\/span><\/p>\n<p><span class=\"text1noticias\">Pablo Vi\u00f1as, Director Nacional, agradeci\u00f3 a los presentes y habl\u00f3 de la trayectoria de la organizaci\u00f3n. \u00ab50 a\u00f1os no los celebra cualquier instituci\u00f3n en nuestro pa\u00eds. Junto con los vientos de democracia llega esta organizaci\u00f3n a cumplir con un papel educativo especial para Rep\u00fablica Dominicana: la creaci\u00f3n de l\u00edderes interculturalmente competentes. Adem\u00e1s de celebrar hoy la existencia de AFS por cinco d\u00e9cadas en el pa\u00eds, estamos celebrando los frutos que se han cosechado.\u00bb Plante\u00f3 Vi\u00f1as.<\/span><\/p>\n<p><span class=\"text1noticias\"> <\/span><\/p>\n<p><span class=\"text1noticias\">El Presidente de la Junta Directiva Nacional, Jaime Moreno Portalat\u00edn, agradeci\u00f3 a los dem\u00e1s miembros de la Directiva y al voluntariado por ser quienes han sostenido esta entidad. Igualmente habl\u00f3 de los nuevos proyectos y la visi\u00f3n que se tiene para los pr\u00f3ximos 50 a\u00f1os: \u00abMe siento orgullosos de nuestro sistema de gesti\u00f3n y de los pasos evolutivos de nuestra red a nivel global, esto nos permite anunciar hoy que este a\u00f1o iniciar\u00e1 nuestro programa de intercambio de educadores con pa\u00edses de Latinoam\u00e9rica y el inicio de los trabajos para levantar un centro de Educaci\u00f3n Intercultural al servicio de todo el pa\u00eds y la red de AFS.\u00bb<\/span><\/p>\n<p><span class=\"text1noticias\"> <\/span><\/p>\n<p><span class=\"text1noticias\">AFS lleg\u00f3 al pa\u00eds en el a\u00f1o 1962 y desde ese entonces ha enviado m\u00e1s de 2500 dominicanos a vivir experiencias educativas interculturales en pa\u00edses de todos los continentes. Igual n\u00famero de extranjeros han sido hospedados por familias dominicanas voluntarias. Los trabajos de esta organizaci\u00f3n son ejecutados por voluntarios, que en nuestro pa\u00eds est\u00e1n organizados en comit\u00e9s locales en 18 ciudades del pa\u00eds.<\/span><\/p>\n<p><span class=\"text1noticias\"> <\/span><\/p>\n<p><span class=\"text1noticias\">En este a\u00f1o aniversario AFS celebrar\u00e1 un Foro de Educaci\u00f3n Intercultural con invitados nacionales e internacionales, una cena de gala de recaudaci\u00f3n de fondos para becas para estudiantes de limitaciones econ\u00f3micas, un concierto intercultural abierto al p\u00fablico en general y gran encuentro nacional de voluntarios.<\/span><\/p>\n<p><span class=\"text1noticias\"> <\/span><\/p>\n<p><span class=\"text1noticias\">AFS Intercambios Culturales, es una organizaci\u00f3n internacional de voluntarios, no gubernamental, sin fines de lucro, que provee oportunidades de aprendizaje intercultural para ayudar a las personas en el desarrollo de sus conocimientos, habilidades  y entendimiento necesarios para la creaci\u00f3n de un mundo m\u00e1s justo y pac\u00edfico<\/span>.<\/p>\n<\/p>\n<h6> 2012-03-01 22:21:09 <\/h6>\n<p><!--\n<link rel=\"stylesheet\" href=\"css\/bootstrap.min.css\">\n\n\n<ul class=\"pagination\">\n\t    \n\t\n\n<li >\n\t<a href='?page_no=17842'>Previous<\/a>\n\t<\/li>\n\n\n       \n    \n\n<li><a href='?page_no=1'>1<\/a><\/li>\n\n\n\n<li><a href='?page_no=2'>2<\/a><\/li>\n\n\n\n<li><a>...<\/a><\/li>\n\n\n\n<li><a href='?page_no=17841'>17841<\/a><\/li>\n\n\n\n<li><a href='?page_no=17842'>17842<\/a><\/li>\n\n\n\n<li class='active'><a>17843<\/a><\/li>\n\n\n\n<li><a href='?page_no=17844'>17844<\/a><\/li>\n\n\n\n<li><a href='?page_no=17845'>17845<\/a><\/li>\n\n\n\n<li><a>...<\/a><\/li>\n\n\n\n<li><a href='?page_no=22911'>22911<\/a><\/li>\n\n\n\n<li><a href='?page_no=22912'>22912<\/a><\/li>\n\n    \n\t\n\n<li >\n\t<a href='?page_no=17844'>Next<\/a>\n\t<\/li>\n\n\n    \n\n<li><a href='?page_no=22912'>Last &rsaquo;&rsaquo;<\/a><\/li>\n\n<\/ul>\n\n\n--><br \/>\n<\/body><\/p>\n","protected":false},"excerpt":{"rendered":"<p>Rep.Dom, 1 de Marzo.- AFS Intercambios Culturales ofreci\u00f3 en su Oficina Nacional un coctel de apertura con motivo de sus 50 a\u00f1os en el pa\u00eds. A la actividad asistieron directivos de la organizaci\u00f3n, representantes del cuerpo diplom\u00e1tico acreditado en el pa\u00eds y personalidades del sector empresarial y gubernamental. Pablo Vi\u00f1as, Director Nacional, agradeci\u00f3 a los [&hellip;]<\/p>\n","protected":false},"author":3,"featured_media":0,"comment_status":"open","ping_status":"open","sticky":false,"template":"","format":"standard","meta":{"footnotes":""},"categories":[21],"tags":[],"class_list":["post-66165","post","type-post","status-publish","format-standard","hentry","category-cultura"],"_links":{"self":[{"href":"https:\/\/diariodominicano.com\/index.php?rest_route=\/wp\/v2\/posts\/66165","targetHints":{"allow":["GET"]}}],"collection":[{"href":"https:\/\/diariodominicano.com\/index.php?rest_route=\/wp\/v2\/posts"}],"about":[{"href":"https:\/\/diariodominicano.com\/index.php?rest_route=\/wp\/v2\/types\/post"}],"author":[{"embeddable":true,"href":"https:\/\/diariodominicano.com\/index.php?rest_route=\/wp\/v2\/users\/3"}],"replies":[{"embeddable":true,"href":"https:\/\/diariodominicano.com\/index.php?rest_route=%2Fwp%2Fv2%2Fcomments&post=66165"}],"version-history":[{"count":0,"href":"https:\/\/diariodominicano.com\/index.php?rest_route=\/wp\/v2\/posts\/66165\/revisions"}],"wp:attachment":[{"href":"https:\/\/diariodominicano.com\/index.php?rest_route=%2Fwp%2Fv2%2Fmedia&parent=66165"}],"wp:term":[{"taxonomy":"category","embeddable":true,"href":"https:\/\/diariodominicano.com\/index.php?rest_route=%2Fwp%2Fv2%2Fcategories&post=66165"},{"taxonomy":"post_tag","embeddable":true,"href":"https:\/\/diariodominicano.com\/index.php?rest_route=%2Fwp%2Fv2%2Ftags&post=66165"}],"curies":[{"name":"wp","href":"https:\/\/api.w.org\/{rel}","templated":true}]}}