{"id":661641,"date":"2026-01-23T01:10:00","date_gmt":"2026-01-23T05:10:00","guid":{"rendered":"https:\/\/diariodominicano.com\/?p=661641"},"modified":"2026-01-23T00:16:36","modified_gmt":"2026-01-23T04:16:36","slug":"el-documento-del-episcopado-y-las-lacras-presentes","status":"publish","type":"post","link":"https:\/\/diariodominicano.com\/?p=661641","title":{"rendered":"El documento del episcopado y las lacras presentes"},"content":{"rendered":"\n<p><strong>Por Ram\u00f3n Antonio Veras<\/strong><\/p>\n\n\n\n<p><strong>1.- Mantenerse en el mismo pa\u00eds viviendo desde siempre permite conocer sus realidades econ\u00f3micas, pol\u00edticas y sociales, as\u00ed como el proceder de su gente.<\/strong><\/p>\n\n\n\n<p><strong>2.- La Iglesia Cat\u00f3lica dominicana, por medio de sus obispos y los curas que hacen trabajo en los barrios populares, sabe de las condiciones de vida de la mayor\u00eda de nuestra poblaci\u00f3n.<\/strong><\/p>\n\n\n\n<p><strong>3.- Los principales l\u00edderes de la Iglesia Cat\u00f3lica del pa\u00eds, cuantas veces tienen la oportunidad de exponer su sentir sobre la materialidad dominicana, lo hacen con la mayor rigurosidad, plena crudeza.<\/strong><\/p>\n\n\n\n<p><strong>4.- Realmente, basta con tener un m\u00ednimo de honestidad para, con pocas palabras, describir de manera objetiva lo que es la fea existencia dominicana.<\/strong><\/p>\n\n\n\n<p><strong>5.- Al igual que en otras ocasiones, la Conferencia del Episcopado Dominicano (CED), con motivo de la festividad de Nuestra Se\u00f1ora de la Altagracia, se pronuncia sobre las lacras sociales presentes en nuestro medio.<\/strong><\/p>\n\n\n\n<p><strong>6.- Leer el contenido del documento emitido por el episcopado es tener conocimiento de algunas de las manchas que acompa\u00f1an al vigente ordenamiento.<\/strong><\/p>\n\n\n\n<p><strong>7.- El episcopado dominicano prueba tener su reloj en la hora nacional cuando cita lacras del sistema social, tales como corrupci\u00f3n, violencia, inseguridad y tantos j\u00f3venes involucrados en el crimen y las drogas.<\/strong><\/p>\n\n\n\n<p><strong>8.- Lo que nos ense\u00f1a el documento de los obispos es que los dominicanos estamos viviendo en un ordenamiento econ\u00f3mico y social que no sirve y debe ser reemplazado por otro que sea \u00fatil a los humanos.<\/strong><\/p>\n\n\n\n<p><strong>9.- Cuando en el documento del episcopado se hace referencia a la corrupci\u00f3n, es para se\u00f1alar un fen\u00f3meno social nocivo presente en todas las instituciones y \u00f3rganos del Estado dominicano.<\/strong><\/p>\n\n\n\n<p><strong>10.- Todos y cada uno de los males se\u00f1alados por el episcopado dominicano son sist\u00e9micos, por lo que para que dejen de existir hay que eliminar la causa de donde se originan, el sistema.<\/strong><\/p>\n\n\n\n<p><strong>11.- Los obispos dominicanos analizan con certeza al condenar \u00abque la gente viva en un mundo de dolor y sufrimiento, violencia y guerra que genera confusi\u00f3n y con el planeta contaminado de basura\u00bb.<\/strong><\/p>\n\n\n\n<p><strong>12.- Lo mejor del pueblo debe analizar con serenidad la pieza del episcopado dominicano y de ella sacar positivas conclusiones.<\/strong><\/p>\n\n\n\n<p><strong>13.- La gente buena de aqu\u00ed est\u00e1 en el deber de razonar en el sentido de que no podemos continuar como hasta ahora, en un fangal caracterizado por lacras sociales y degradaci\u00f3n \u00e9tica y moral.<\/strong><\/p>\n\n\n\n<p><strong>14.- Al lado de los males sociales se\u00f1alados por el episcopado dominicano en el documento que comentamos, est\u00e1n unidos otros que mantienen al pueblo sufriendo.<\/strong><\/p>\n\n\n\n<p><strong>15.- Las grandes mayor\u00edas dominicanas padecen las limitaciones que se unen a la m\u00e1s extrema pobreza. Mujeres y hombres carecen de lo indispensable para la existencia de una vida digna.<\/strong><\/p>\n\n\n\n<p><strong>16.- El mensaje del episcopado dominicano puede servir a nuestro pueblo para que detenidamente piense que su vida material y espiritual no debe continuar siendo de sufrimiento.<\/strong><\/p>\n\n\n\n<p><strong>Peri\u00f3dico Hoy &nbsp;<\/strong><\/p>\n","protected":false},"excerpt":{"rendered":"<p>Por Ram\u00f3n Antonio Veras 1.- Mantenerse en el mismo pa\u00eds viviendo desde siempre permite conocer sus realidades econ\u00f3micas, pol\u00edticas y sociales, as\u00ed como el proceder de su gente. 2.- La Iglesia Cat\u00f3lica dominicana, por medio de sus obispos y los curas que hacen trabajo en los barrios populares, sabe de las condiciones de vida de [&hellip;]<\/p>\n","protected":false},"author":7,"featured_media":654589,"comment_status":"closed","ping_status":"closed","sticky":false,"template":"","format":"standard","meta":{"footnotes":""},"categories":[16],"tags":[426],"class_list":["post-661641","post","type-post","status-publish","format-standard","has-post-thumbnail","hentry","category-opiniones","tag-ramon-antonio-veras"],"_links":{"self":[{"href":"https:\/\/diariodominicano.com\/index.php?rest_route=\/wp\/v2\/posts\/661641","targetHints":{"allow":["GET"]}}],"collection":[{"href":"https:\/\/diariodominicano.com\/index.php?rest_route=\/wp\/v2\/posts"}],"about":[{"href":"https:\/\/diariodominicano.com\/index.php?rest_route=\/wp\/v2\/types\/post"}],"author":[{"embeddable":true,"href":"https:\/\/diariodominicano.com\/index.php?rest_route=\/wp\/v2\/users\/7"}],"replies":[{"embeddable":true,"href":"https:\/\/diariodominicano.com\/index.php?rest_route=%2Fwp%2Fv2%2Fcomments&post=661641"}],"version-history":[{"count":1,"href":"https:\/\/diariodominicano.com\/index.php?rest_route=\/wp\/v2\/posts\/661641\/revisions"}],"predecessor-version":[{"id":661642,"href":"https:\/\/diariodominicano.com\/index.php?rest_route=\/wp\/v2\/posts\/661641\/revisions\/661642"}],"wp:featuredmedia":[{"embeddable":true,"href":"https:\/\/diariodominicano.com\/index.php?rest_route=\/wp\/v2\/media\/654589"}],"wp:attachment":[{"href":"https:\/\/diariodominicano.com\/index.php?rest_route=%2Fwp%2Fv2%2Fmedia&parent=661641"}],"wp:term":[{"taxonomy":"category","embeddable":true,"href":"https:\/\/diariodominicano.com\/index.php?rest_route=%2Fwp%2Fv2%2Fcategories&post=661641"},{"taxonomy":"post_tag","embeddable":true,"href":"https:\/\/diariodominicano.com\/index.php?rest_route=%2Fwp%2Fv2%2Ftags&post=661641"}],"curies":[{"name":"wp","href":"https:\/\/api.w.org\/{rel}","templated":true}]}}