{"id":66164,"date":"2012-03-02T13:55:31","date_gmt":"2012-03-02T13:55:31","guid":{"rendered":"http:\/\/diariodominicano.ddns.net\/?p=66164"},"modified":"2012-03-02T13:55:31","modified_gmt":"2012-03-02T13:55:31","slug":"infotep-y-fundacion-rica-anuncian-segunda-version-premio-nacional-a-la-excelencia-de-la-formacion-tecnico-profesional","status":"publish","type":"post","link":"https:\/\/diariodominicano.com\/?p=66164","title":{"rendered":"INFOTEP y Fundaci\u00f3n Rica anuncian segunda versi\u00f3n Premio Nacional a la Excelencia de la Formaci\u00f3n T\u00e9cnico Profesional"},"content":{"rendered":"<p><body><\/p>\n<p><img decoding=\"async\" src=\"img3\/ejecutivos Infotep y Rica.jpg\" \/><br \/><img decoding=\"async\" src=\"img3\/ejecutivos Infotep y Rica.jpg\" \/>  <\/p>\n<p><span class=\"text1noticias\">Santo Domingo, Rep. Dominicana, 2 marzo.-  El Instituto Nacional de Formaci\u00f3n T\u00e9cnico Profesional (INFOTEP), con el auspicio de la Fundaci\u00f3n RICA, anunciaron la segunda entrega del Premio Nacional a la Excelencia de la Formaci\u00f3n T\u00e9cnico Profesional, que reconoce la mejora continua de los Centros Operativos del Sistema (COS).<\/span><\/p>\n<p><span class=\"text1noticias\"> <\/span><\/p>\n<p><span class=\"text1noticias\">Ambas instituciones buscan promover la aplicaci\u00f3n de mecanismos y herramientas modernos de gesti\u00f3n en las instituciones acreditadas como COS, que garanticen un mejor desempe\u00f1o en sus procesos administrativos, t\u00e9cnicos y formativos. As\u00ed como incentivar la mejora continua en los procesos de formaci\u00f3n en los Centros Operativos del Sistema (COS).<\/span><\/p>\n<p><span class=\"text1noticias\"> <\/span><\/p>\n<p><span class=\"text1noticias\">Los COS son instituciones acreditadas por el INFOTEP, para ejecutar acciones formativas en el sistema nacional de formaci\u00f3n t\u00e9cnico profesional. La Ley 116 faculta al INFOTEP a conseguir programas de asistencia t\u00e9cnica a las instituciones que forman parte del sistema.<\/span><\/p>\n<p><span class=\"text1noticias\"> <\/span><\/p>\n<p><span class=\"text1noticias\">El Director General del INFOTEP, Dr. Idionis P\u00e9rez, expres\u00f3 que en esta segunda versi\u00f3n del galard\u00f3n se espera que participen el 90% de las entidades acreditadas por la instituci\u00f3n educativa, a trav\u00e9s del Registro Nacional de Centros Operativos del Sistema (RNCOS), para un incremento de un 37% con relaci\u00f3n a la participaci\u00f3n en la primera entrega de este certamen.<\/span><\/p>\n<p><span class=\"text1noticias\"> <\/span><\/p>\n<p><span class=\"text1noticias\">Adem\u00e1s explic\u00f3 que durante la postulaci\u00f3n al premio la instituci\u00f3n ofrece asistencia t\u00e9cnica a los COS, implementando una estrategia orientada a que todos los centros tengan su Plan Estrat\u00e9gico y Plan Operativo, partiendo de un diagn\u00f3stico en el que se identifican las oportunidades de mejoras administrativas, gerenciales y docentes.<\/span><\/p>\n<p><span class=\"text1noticias\"> <\/span><\/p>\n<p><span class=\"text1noticias\">Mientras, el Dr. Julio Brache, presidente de la Fundaci\u00f3n Rica, exterioriz\u00f3 que desde hace muchos a\u00f1os ha admirado la labor que realiza el INFOTEP capacitando la clase trabajadora para hacerla m\u00e1s eficientes y productivas.<\/span><\/p>\n<p><span class=\"text1noticias\"> <\/span><\/p>\n<p><span class=\"text1noticias\">\u00abPatrocinar el Premio Nacional a la Excelencia de la Formaci\u00f3n T\u00e9cnico Profesional, confirma nuestra decisi\u00f3n de intervenir, solidariz\u00e1ndonos de manera positiva en todo lo que redunde en el proceso de capacitaci\u00f3n de los estudiantes dominicanos, por ende en beneficio de nuestro pa\u00eds\u00bb, puntualiz\u00f3 Brache.<\/span><\/p>\n<p><span class=\"text1noticias\"> <\/span><\/p>\n<p><span class=\"text1noticias\">El certamen comprende un proceso de autodiagn\u00f3stico de los COS, seguido de la evaluaci\u00f3n por t\u00e9cnicos de INFOTEP, luego los resultados son analizados por un comit\u00e9 evaluador, quienes presentan un informe al Jurado encargado de elegir los ganadores.<\/span><\/p>\n<\/p>\n<p><span class=\"text1noticias\">El Premio Nacional a la Excelencia de la Formaci\u00f3n T\u00e9cnico Profesional fue creado en el a\u00f1o 2011, en el marco del 31 aniversario del INFOTEP, en el que fueron galardonados, el Servicios Computarizados Azuanos (SECOM), el Centro Educaci\u00f3n Integral Padre Fantino, C. por A. (CEIPF), el Centro de Tecnolog\u00eda Universal (CENTU) y la Fundaci\u00f3n Dominicana San Valero (FUNDOSUA), en las categor\u00edas I, II, III, y VI, respectivamente<\/span>.<\/p>\n<h6> 2012-03-02 13:55:31 <\/h6>\n<p><!--\n<link rel=\"stylesheet\" href=\"css\/bootstrap.min.css\">\n\n\n<ul class=\"pagination\">\n\t    \n\t\n\n<li >\n\t<a href='?page_no=17841'>Previous<\/a>\n\t<\/li>\n\n\n       \n    \n\n<li><a href='?page_no=1'>1<\/a><\/li>\n\n\n\n<li><a href='?page_no=2'>2<\/a><\/li>\n\n\n\n<li><a>...<\/a><\/li>\n\n\n\n<li><a href='?page_no=17840'>17840<\/a><\/li>\n\n\n\n<li><a href='?page_no=17841'>17841<\/a><\/li>\n\n\n\n<li class='active'><a>17842<\/a><\/li>\n\n\n\n<li><a href='?page_no=17843'>17843<\/a><\/li>\n\n\n\n<li><a href='?page_no=17844'>17844<\/a><\/li>\n\n\n\n<li><a>...<\/a><\/li>\n\n\n\n<li><a href='?page_no=22911'>22911<\/a><\/li>\n\n\n\n<li><a href='?page_no=22912'>22912<\/a><\/li>\n\n    \n\t\n\n<li >\n\t<a href='?page_no=17843'>Next<\/a>\n\t<\/li>\n\n\n    \n\n<li><a href='?page_no=22912'>Last &rsaquo;&rsaquo;<\/a><\/li>\n\n<\/ul>\n\n\n--><br \/>\n<\/body><\/p>\n","protected":false},"excerpt":{"rendered":"<p>Santo Domingo, Rep. Dominicana, 2 marzo.- El Instituto Nacional de Formaci\u00f3n T\u00e9cnico Profesional (INFOTEP), con el auspicio de la Fundaci\u00f3n RICA, anunciaron la segunda entrega del Premio Nacional a la Excelencia de la Formaci\u00f3n T\u00e9cnico Profesional, que reconoce la mejora continua de los Centros Operativos del Sistema (COS). Ambas instituciones buscan promover la aplicaci\u00f3n de [&hellip;]<\/p>\n","protected":false},"author":3,"featured_media":0,"comment_status":"open","ping_status":"open","sticky":false,"template":"","format":"standard","meta":{"footnotes":""},"categories":[21],"tags":[],"class_list":["post-66164","post","type-post","status-publish","format-standard","hentry","category-cultura"],"_links":{"self":[{"href":"https:\/\/diariodominicano.com\/index.php?rest_route=\/wp\/v2\/posts\/66164","targetHints":{"allow":["GET"]}}],"collection":[{"href":"https:\/\/diariodominicano.com\/index.php?rest_route=\/wp\/v2\/posts"}],"about":[{"href":"https:\/\/diariodominicano.com\/index.php?rest_route=\/wp\/v2\/types\/post"}],"author":[{"embeddable":true,"href":"https:\/\/diariodominicano.com\/index.php?rest_route=\/wp\/v2\/users\/3"}],"replies":[{"embeddable":true,"href":"https:\/\/diariodominicano.com\/index.php?rest_route=%2Fwp%2Fv2%2Fcomments&post=66164"}],"version-history":[{"count":0,"href":"https:\/\/diariodominicano.com\/index.php?rest_route=\/wp\/v2\/posts\/66164\/revisions"}],"wp:attachment":[{"href":"https:\/\/diariodominicano.com\/index.php?rest_route=%2Fwp%2Fv2%2Fmedia&parent=66164"}],"wp:term":[{"taxonomy":"category","embeddable":true,"href":"https:\/\/diariodominicano.com\/index.php?rest_route=%2Fwp%2Fv2%2Fcategories&post=66164"},{"taxonomy":"post_tag","embeddable":true,"href":"https:\/\/diariodominicano.com\/index.php?rest_route=%2Fwp%2Fv2%2Ftags&post=66164"}],"curies":[{"name":"wp","href":"https:\/\/api.w.org\/{rel}","templated":true}]}}