{"id":661636,"date":"2026-01-23T00:04:49","date_gmt":"2026-01-23T04:04:49","guid":{"rendered":"https:\/\/diariodominicano.com\/?p=661636"},"modified":"2026-01-23T00:06:41","modified_gmt":"2026-01-23T04:06:41","slug":"donald-trump-en-una-etapa-de-decadencia-imperial","status":"publish","type":"post","link":"https:\/\/diariodominicano.com\/?p=661636","title":{"rendered":"Donald Trump en una etapa de decadencia imperial"},"content":{"rendered":"\n<p><strong>Por Ram\u00f3n Antonio Veras<\/strong><\/p>\n\n\n\n<p><strong>1.- Con la actual gesti\u00f3n gubernativa de Donald Trump, la democracia norteamericana ha tra\u00eddo al mundo permanente amenaza, falta de certidumbre y perplejidad.<\/strong><\/p>\n\n\n\n<p><strong>2.- Los inmigrantes de distintos pa\u00edses, ubicados en diferentes Estados norteamericanos, han sido v\u00edctimas de la pol\u00edtica de rechazo al extranjero pobre implementada por Donald Trump.<\/strong><\/p>\n\n\n\n<p><strong>3.- Los pa\u00edses de Europa integrados en la OTAN fueron obligados por Donald Trump a aumentar su cuota en un 5% m\u00e1s para el desarrollo de la carrera armamentista.<\/strong><\/p>\n\n\n\n<p><strong>4.- Muchas naciones han sido conminadas a cumplir determinadas condiciones planteadas por Donald Trump, bajo amenaza de la imposici\u00f3n de aranceles si no cumplen lo ordenado.<\/strong><\/p>\n\n\n\n<p><strong>5.- El se\u00f1or Donald Trump, luego de anunciar la renovaci\u00f3n de la doctrina Monroe, llen\u00f3 de p\u00e1nico a la generalidad de pueblos y gobiernos de Am\u00e9rica Latina y el Caribe.<\/strong><\/p>\n\n\n\n<p><strong>6.- Desde mediados de agosto del pasado a\u00f1o 2025, el se\u00f1or Donald Trump hizo de las aguas caribe\u00f1as cercanas a Venezuela un centro de operaci\u00f3n armamentista supuestamente para combatir el narcotr\u00e1fico.<\/strong><\/p>\n\n\n\n<p><strong>7.- Ahora, el 3 de enero de 2026, Donald Trump ejecut\u00f3 lo que desde hace mucho tiempo ten\u00eda previsto: invadir a Venezuela y secuestrar a su presidente Nicol\u00e1s Maduro y a su esposa.<\/strong><\/p>\n\n\n\n<p><strong>8.- Con la invasi\u00f3n a Venezuela y el secuestro de su presidente, el se\u00f1or Donald Trump cumpli\u00f3 con uno de sus objetivos, que no es otro que apoderarse del petr\u00f3leo venezolano y sus otros recursos naturales.<\/strong><\/p>\n\n\n\n<p><strong>9.- La materializaci\u00f3n de la invasi\u00f3n a Venezuela y el apoderamiento de su petr\u00f3leo ha puesto en alerta las pretensiones de Donald Trump con relaci\u00f3n a Groenlandia.<\/strong><\/p>\n\n\n\n<p><strong>10.- La presencia de Donald Trump en la presidencia de Estados Unidos ha sido una perturbaci\u00f3n para toda la humanidad, con la agravante de que no se ve en lo inmediato algo que pueda hacer la funci\u00f3n de contenci\u00f3n.<\/strong><\/p>\n\n\n\n<p><strong>Ideas finales<\/strong><\/p>\n\n\n\n<p><strong>11.- El mundo no debe ver en el proceder de Donald Trump algo personal suyo, sino la consecuencia de la decadencia del imperio de occidente.<\/strong><\/p>\n\n\n\n<p><strong>12.- Se reduce la influencia de Estados Unidos, China se fortalece, crece la incidencia de Rusia y se hace notorio el debilitamiento del d\u00f3lar a nivel mundial.<\/strong><\/p>\n\n\n\n<p><strong>13.- En la medida en que el d\u00f3lar carece de privilegio o preferencia en la comunidad mundial, se viene abajo la preeminencia del imperio de occidente, y ya no podr\u00e1 actuar como lo hace hoy.<\/strong><\/p>\n\n\n\n<p><strong>14.- No es de dos o tres el n\u00famero de gente que ya no est\u00e1 bajo el dominio de Estados Unidos. Basta con sumar la poblaci\u00f3n de China, Rusia, la India, Sud\u00e1frica, Brasil y algunos otros pa\u00edses de los diferentes continentes.<\/strong><\/p>\n\n\n\n<p><strong>15.- A los fines de neutralizar el desbocado poder que exhibe Donald Trump, lo que procede es la unidad de las voces que a nivel mundial se oponen a la prepotencia imperial.<\/strong><\/p>\n\n\n\n<p><strong>16.- La decadencia, la debilidad, la ruina del anterior esplendoroso capitalismo es lo que expresa Donald Trump con su pol\u00edtica de amenaza, imposiciones y miedo contra todos los pueblos que no se someten a sus bravuconadas.<\/strong><\/p>\n","protected":false},"excerpt":{"rendered":"<p>Por Ram\u00f3n Antonio Veras 1.- Con la actual gesti\u00f3n gubernativa de Donald Trump, la democracia norteamericana ha tra\u00eddo al mundo permanente amenaza, falta de certidumbre y perplejidad. 2.- Los inmigrantes de distintos pa\u00edses, ubicados en diferentes Estados norteamericanos, han sido v\u00edctimas de la pol\u00edtica de rechazo al extranjero pobre implementada por Donald Trump. 3.- Los [&hellip;]<\/p>\n","protected":false},"author":7,"featured_media":654589,"comment_status":"closed","ping_status":"closed","sticky":false,"template":"","format":"standard","meta":{"footnotes":""},"categories":[16],"tags":[426],"class_list":["post-661636","post","type-post","status-publish","format-standard","has-post-thumbnail","hentry","category-opiniones","tag-ramon-antonio-veras"],"_links":{"self":[{"href":"https:\/\/diariodominicano.com\/index.php?rest_route=\/wp\/v2\/posts\/661636","targetHints":{"allow":["GET"]}}],"collection":[{"href":"https:\/\/diariodominicano.com\/index.php?rest_route=\/wp\/v2\/posts"}],"about":[{"href":"https:\/\/diariodominicano.com\/index.php?rest_route=\/wp\/v2\/types\/post"}],"author":[{"embeddable":true,"href":"https:\/\/diariodominicano.com\/index.php?rest_route=\/wp\/v2\/users\/7"}],"replies":[{"embeddable":true,"href":"https:\/\/diariodominicano.com\/index.php?rest_route=%2Fwp%2Fv2%2Fcomments&post=661636"}],"version-history":[{"count":1,"href":"https:\/\/diariodominicano.com\/index.php?rest_route=\/wp\/v2\/posts\/661636\/revisions"}],"predecessor-version":[{"id":661637,"href":"https:\/\/diariodominicano.com\/index.php?rest_route=\/wp\/v2\/posts\/661636\/revisions\/661637"}],"wp:featuredmedia":[{"embeddable":true,"href":"https:\/\/diariodominicano.com\/index.php?rest_route=\/wp\/v2\/media\/654589"}],"wp:attachment":[{"href":"https:\/\/diariodominicano.com\/index.php?rest_route=%2Fwp%2Fv2%2Fmedia&parent=661636"}],"wp:term":[{"taxonomy":"category","embeddable":true,"href":"https:\/\/diariodominicano.com\/index.php?rest_route=%2Fwp%2Fv2%2Fcategories&post=661636"},{"taxonomy":"post_tag","embeddable":true,"href":"https:\/\/diariodominicano.com\/index.php?rest_route=%2Fwp%2Fv2%2Ftags&post=661636"}],"curies":[{"name":"wp","href":"https:\/\/api.w.org\/{rel}","templated":true}]}}