{"id":661612,"date":"2026-01-22T16:12:57","date_gmt":"2026-01-22T20:12:57","guid":{"rendered":"https:\/\/diariodominicano.com\/?p=661612"},"modified":"2026-01-22T18:33:14","modified_gmt":"2026-01-22T22:33:14","slug":"condena-de-20-anos-para-hombre-que-mato-a-otro-de-en-monte-plata","status":"publish","type":"post","link":"https:\/\/diariodominicano.com\/?p=661612","title":{"rendered":"Condena de 20 a\u00f1os para hombre que mat\u00f3 a otro de\u00a0tres disparos en Monte Plata"},"content":{"rendered":"\n<p><strong>SANTO DOMINGO (Rep\u00fablica Dominicana).- Al acoger la solicitud del Ministerio P\u00fablico, el Tribunal Colegiado del Distrito Judicial de Monte Plata conden\u00f3 a 20 a\u00f1os de prisi\u00f3n a un hombre que mat\u00f3 a otro de tres disparos.<\/strong><\/p>\n\n\n\n<p><strong>Gregorio Carmona F\u00e9lix (Bol\u00f3n) fue procesado por el asesinato de Adonis Jos\u00e9 Familia.<\/strong><\/p>\n\n\n\n<p><strong>El Ministerio P\u00fablico, representado por el fiscal Jos\u00e9 del Carmen Garc\u00eda Hern\u00e1ndez, demostr\u00f3 que el procesado viol\u00f3 las disposiciones de los art\u00edculos 295 y 304 del C\u00f3digo Penal de la Rep\u00fablica Dominicana, as\u00ed como los n\u00famero 66 y 67 de la Ley n\u00fam. 631-16, sobre el Control y Regulaci\u00f3n de Armas, Municiones y Materiales relacionados.<\/strong><\/p>\n\n\n\n<p><strong>El tribunal, presidido por Hilda Nieves S\u00e1nchez Luna e integrado por las juezas Dolores Galay de la Cruz y Carmen Daniela Arauio Rivas, declar\u00f3 a Carmona culpable de provocarle la muerte a Adonis Jos\u00e9 Familia momentos en que se encontraba en la calle principal del Cruce de los Guineos, municipio de Sabana Grande de Boya, el 14 del mes de septiembre de 2024.<\/strong><\/p>\n\n\n\n<p><strong>Previo al hecho, la v\u00edctima llam\u00f3 al destacamento de Hato San Pedro y envi\u00f3 un video donde se observa al imputado exhibiendo un arma larga, una especie de metralleta, y al llegar la patrulla, Carmona tom\u00f3 un arma de fuego que portaba de manera ilegal y le realiz\u00f3 tres disparos en presencia de varias personas y luego emprendi\u00f3 la huida.<\/strong><\/p>\n\n\n\n<p><strong>Familia falleci\u00f3 en el Hospital Traumatol\u00f3gico Doctor Ney Arias Lora, presentando DX: heridas m\u00faltiples por proyectil de arma de fuego, que le provocaron la muerte.<\/strong><\/p>\n\n\n\n<p><strong>El expediente explica que tanto a la v\u00edctima, como a su t\u00edo, Lorenzo Soriano Bautista, 15 d\u00edas antes del hecho fueron amenazados por Jos\u00e9 Francisco del Orbe (Geilon), quien era el empleador y jefe del procesado Carmona y de Junior Soriano, quienes establecieron \u201cque lo quitaban del medio cuando ellos quisieran\u201d.<\/strong><\/p>\n\n\n\n<p><strong>Direcci\u00f3n General de Comunicaci\u00f3n, Prensa, y RRPP<\/strong><\/p>\n\n\n\n<p><strong>Ministerio P\u00fablico<\/strong><strong>.&nbsp;R<\/strong><strong>.D<\/strong><strong>.<\/strong><\/p>\n\n\n\n<p>Comunicaciones PGR &lt;comunicaciones@pgr.gob.do&gt;<\/p>\n","protected":false},"excerpt":{"rendered":"<p>SANTO DOMINGO (Rep\u00fablica Dominicana).- Al acoger la solicitud del Ministerio P\u00fablico, el Tribunal Colegiado del Distrito Judicial de Monte Plata conden\u00f3 a 20 a\u00f1os de prisi\u00f3n a un hombre que mat\u00f3 a otro de tres disparos. Gregorio Carmona F\u00e9lix (Bol\u00f3n) fue procesado por el asesinato de Adonis Jos\u00e9 Familia. El Ministerio P\u00fablico, representado por el [&hellip;]<\/p>\n","protected":false},"author":7,"featured_media":497946,"comment_status":"closed","ping_status":"closed","sticky":false,"template":"","format":"standard","meta":{"footnotes":""},"categories":[24],"tags":[171,4059],"class_list":["post-661612","post","type-post","status-publish","format-standard","has-post-thumbnail","hentry","category-justicia-y-derecho","tag-ministerio-publico","tag-monte-plata"],"_links":{"self":[{"href":"https:\/\/diariodominicano.com\/index.php?rest_route=\/wp\/v2\/posts\/661612","targetHints":{"allow":["GET"]}}],"collection":[{"href":"https:\/\/diariodominicano.com\/index.php?rest_route=\/wp\/v2\/posts"}],"about":[{"href":"https:\/\/diariodominicano.com\/index.php?rest_route=\/wp\/v2\/types\/post"}],"author":[{"embeddable":true,"href":"https:\/\/diariodominicano.com\/index.php?rest_route=\/wp\/v2\/users\/7"}],"replies":[{"embeddable":true,"href":"https:\/\/diariodominicano.com\/index.php?rest_route=%2Fwp%2Fv2%2Fcomments&post=661612"}],"version-history":[{"count":2,"href":"https:\/\/diariodominicano.com\/index.php?rest_route=\/wp\/v2\/posts\/661612\/revisions"}],"predecessor-version":[{"id":661615,"href":"https:\/\/diariodominicano.com\/index.php?rest_route=\/wp\/v2\/posts\/661612\/revisions\/661615"}],"wp:featuredmedia":[{"embeddable":true,"href":"https:\/\/diariodominicano.com\/index.php?rest_route=\/wp\/v2\/media\/497946"}],"wp:attachment":[{"href":"https:\/\/diariodominicano.com\/index.php?rest_route=%2Fwp%2Fv2%2Fmedia&parent=661612"}],"wp:term":[{"taxonomy":"category","embeddable":true,"href":"https:\/\/diariodominicano.com\/index.php?rest_route=%2Fwp%2Fv2%2Fcategories&post=661612"},{"taxonomy":"post_tag","embeddable":true,"href":"https:\/\/diariodominicano.com\/index.php?rest_route=%2Fwp%2Fv2%2Ftags&post=661612"}],"curies":[{"name":"wp","href":"https:\/\/api.w.org\/{rel}","templated":true}]}}