{"id":661611,"date":"2026-01-22T16:03:33","date_gmt":"2026-01-22T20:03:33","guid":{"rendered":"https:\/\/diariodominicano.com\/?p=661611"},"modified":"2026-01-22T16:04:55","modified_gmt":"2026-01-22T20:04:55","slug":"imponen-20-anos-de-prision-a-hombre-que-abuso-sexualmente-de-una-nina-de-siete-anos-en-sde","status":"publish","type":"post","link":"https:\/\/diariodominicano.com\/?p=661611","title":{"rendered":"Imponen 20 a\u00f1os de prisi\u00f3n a hombre que abus\u00f3 sexualmente de una ni\u00f1a de siete a\u00f1os en SDE"},"content":{"rendered":"\n<p><strong>SANTO DOMINGO (Rep\u00fablica Dominicana).-&nbsp;Al acoger la solicitud del Ministerio P\u00fablico, un tribunal impuso 20 a\u00f1os de prisi\u00f3n a un hombre que abus\u00f3 sexualmente de una ni\u00f1a de siete a\u00f1os de edad, en un suceso ocurrido en el a\u00f1o 2024, en Santo Domingo Este.<\/strong><\/p>\n\n\n\n<p><strong>Carlos Andr\u00e9s Reinoso (La Tar\u00e1ntula) fue procesado por el Ministerio P\u00fablico tras la denuncia realizada por el padrastro de la v\u00edctima, quien observ\u00f3 que tras llegar a su vivienda en compa\u00f1\u00eda de un hermano de 12 a\u00f1os y un primo, la ni\u00f1a entraba y sal\u00eda del ba\u00f1o en repetidas ocasiones, por lo cual notific\u00f3 a la madre, quien para confirmar su estado de salud entr\u00f3 a la habitaci\u00f3n de la menor y encontr\u00f3 su ropa interior ensangrentada.<\/strong><\/p>\n\n\n\n<p><strong>Ante la situaci\u00f3n, la ni\u00f1a fue llevada a un centro m\u00e9dico.<\/strong><\/p>\n\n\n\n<p><strong>El Ministerio P\u00fablico realiz\u00f3 a la v\u00edctima evaluaciones psicol\u00f3gicas y recab\u00f3 pruebas testimoniales, periciales, procesales y documentales que probaron la veracidad de los hechos.<\/strong><\/p>\n\n\n\n<p><strong>Durante el juicio, el Ministerio P\u00fablico, representado por los fiscales litigantes Ana Basora y Francisco Vicio, mostraron al Segundo Tribunal Colegiado de Santo Domingo Este, integrado por Josefina Ubiera Guerrero, Yury Cuevas de la Cruz e Isa\u00edas R. Mart\u00ednez, suficientes elementos de pruebas que demuestran la responsabilidad penal del procesado.<\/strong><\/p>\n\n\n\n<p><strong>Reinoso fue condenado por violaci\u00f3n al C\u00f3digo Penal Dominicano, modificado por la Ley 24-97, as\u00ed como tambi\u00e9n, a la Ley 136-03 sobre del C\u00f3digo de Protecci\u00f3n de los Derechos Fundamentales de los Ni\u00f1os, Ni\u00f1as y Adolescentes.<\/strong><\/p>\n\n\n\n<p><strong>Direcci\u00f3n General de Comunicaci\u00f3n, Prensa, y RRPP<\/strong><\/p>\n\n\n\n<p><strong>Ministerio P\u00fablico<\/strong><strong>.&nbsp;R<\/strong><strong>.D<\/strong><strong>.<\/strong><\/p>\n\n\n\n<p>Comunicaciones PGR &lt;comunicaciones@pgr.gob.do&gt;<\/p>\n","protected":false},"excerpt":{"rendered":"<p>SANTO DOMINGO (Rep\u00fablica Dominicana).-&nbsp;Al acoger la solicitud del Ministerio P\u00fablico, un tribunal impuso 20 a\u00f1os de prisi\u00f3n a un hombre que abus\u00f3 sexualmente de una ni\u00f1a de siete a\u00f1os de edad, en un suceso ocurrido en el a\u00f1o 2024, en Santo Domingo Este. Carlos Andr\u00e9s Reinoso (La Tar\u00e1ntula) fue procesado por el Ministerio P\u00fablico tras [&hellip;]<\/p>\n","protected":false},"author":7,"featured_media":620351,"comment_status":"closed","ping_status":"closed","sticky":false,"template":"","format":"standard","meta":{"footnotes":""},"categories":[24],"tags":[171,4058],"class_list":["post-661611","post","type-post","status-publish","format-standard","has-post-thumbnail","hentry","category-justicia-y-derecho","tag-ministerio-publico","tag-sde"],"_links":{"self":[{"href":"https:\/\/diariodominicano.com\/index.php?rest_route=\/wp\/v2\/posts\/661611","targetHints":{"allow":["GET"]}}],"collection":[{"href":"https:\/\/diariodominicano.com\/index.php?rest_route=\/wp\/v2\/posts"}],"about":[{"href":"https:\/\/diariodominicano.com\/index.php?rest_route=\/wp\/v2\/types\/post"}],"author":[{"embeddable":true,"href":"https:\/\/diariodominicano.com\/index.php?rest_route=\/wp\/v2\/users\/7"}],"replies":[{"embeddable":true,"href":"https:\/\/diariodominicano.com\/index.php?rest_route=%2Fwp%2Fv2%2Fcomments&post=661611"}],"version-history":[{"count":1,"href":"https:\/\/diariodominicano.com\/index.php?rest_route=\/wp\/v2\/posts\/661611\/revisions"}],"predecessor-version":[{"id":661613,"href":"https:\/\/diariodominicano.com\/index.php?rest_route=\/wp\/v2\/posts\/661611\/revisions\/661613"}],"wp:featuredmedia":[{"embeddable":true,"href":"https:\/\/diariodominicano.com\/index.php?rest_route=\/wp\/v2\/media\/620351"}],"wp:attachment":[{"href":"https:\/\/diariodominicano.com\/index.php?rest_route=%2Fwp%2Fv2%2Fmedia&parent=661611"}],"wp:term":[{"taxonomy":"category","embeddable":true,"href":"https:\/\/diariodominicano.com\/index.php?rest_route=%2Fwp%2Fv2%2Fcategories&post=661611"},{"taxonomy":"post_tag","embeddable":true,"href":"https:\/\/diariodominicano.com\/index.php?rest_route=%2Fwp%2Fv2%2Ftags&post=661611"}],"curies":[{"name":"wp","href":"https:\/\/api.w.org\/{rel}","templated":true}]}}