{"id":66161,"date":"2012-03-02T20:14:32","date_gmt":"2012-03-02T20:14:32","guid":{"rendered":"http:\/\/diariodominicano.ddns.net\/?p=66161"},"modified":"2012-03-02T20:14:32","modified_gmt":"2012-03-02T20:14:32","slug":"museo-de-arte-moderno-anuncia-the-love-of-the-poet","status":"publish","type":"post","link":"https:\/\/diariodominicano.com\/?p=66161","title":{"rendered":"Museo de Arte Moderno anuncia \u00abThe Love of the Poet\u00bb"},"content":{"rendered":"<p><body><\/p>\n<p><span class=\"text1noticias\">Santo Domingo, RD 2 marzo.- El Museo de Arte Moderno (MAM) inaugurar\u00e1 la exposici\u00f3n individual de pintura \u00abThe Love of the Poet\u00bb, del artista argentino Daniel Bottero.<\/span><\/p>\n<\/p>\n<p><span class=\"text1noticias\">El acto est\u00e1 pautado para el mi\u00e9rcoles 07 de marzo, a las 7:00 de la noche,  en la primera planta del MAM.<\/span><\/p>\n<\/p>\n<p><span class=\"text1noticias\">La exposici\u00f3n, integrada por m\u00e1s de una treintena de obras, se destaca por su colorido y sensibilidad dejando al descubierto el estilo contempor\u00e1neo de Bottero, quien ha sido catalogado  por cr\u00edticos internacionales como \u00abEl Artista Poeta\u00bb, y sus pinturas como \u00abExpresionismo abstracto\u00bb.<\/span><\/p>\n<\/p>\n<p><span class=\"text1noticias\">Entre las obras se encuentran Collection 1, 2, 3 y 4,  The Strong Bond of Love, Rebuilding the Love, Warm Dimention of Love y  Space to Love.<\/span><\/p>\n<\/p>\n<p><span class=\"text1noticias\"> \u00abEn mi b\u00fasqueda,  a trav\u00e9s de la pintura he encontrado la mejor forma de exteriorizar los sentimientos que cada uno de nosotros desea mantener oculto en lo profundo de nuestro ser. Cada pintura que creo es una parte esencial de m\u00ed ser interior\u00bb, dijo el artista.<\/span><\/p>\n<\/p>\n<p><span class=\"text1noticias\">Agrega que \u00abmi trabajo habla muchos idiomas, se comunica en varios niveles al mismo tiempo. Una interacci\u00f3n \u00fanica psicol\u00f3gica entre la realidad y la fantas\u00eda, que transporta al observador en un encuentro on\u00edrico con  lo sublime\u00bb.<\/span><\/p>\n<\/p>\n<p><span class=\"text1noticias\">Bottero es egresado de la Escuela Nacional  de Artes en Buenos Aires. Posteriormente viaja a Italia donde obtiene un Master en la Academia Italiana di Belle Arti en Lucca. Del 1986 al 1990 reside en Par\u00eds y luego adopta Estados Unidos como su casa<\/span>. <\/p>\n<\/p>\n<\/p>\n<h6> 2012-03-02 20:14:32 <\/h6>\n<p><!--\n<link rel=\"stylesheet\" href=\"css\/bootstrap.min.css\">\n\n\n<ul class=\"pagination\">\n\t    \n\t\n\n<li >\n\t<a href='?page_no=17838'>Previous<\/a>\n\t<\/li>\n\n\n       \n    \n\n<li><a href='?page_no=1'>1<\/a><\/li>\n\n\n\n<li><a href='?page_no=2'>2<\/a><\/li>\n\n\n\n<li><a>...<\/a><\/li>\n\n\n\n<li><a href='?page_no=17837'>17837<\/a><\/li>\n\n\n\n<li><a href='?page_no=17838'>17838<\/a><\/li>\n\n\n\n<li class='active'><a>17839<\/a><\/li>\n\n\n\n<li><a href='?page_no=17840'>17840<\/a><\/li>\n\n\n\n<li><a href='?page_no=17841'>17841<\/a><\/li>\n\n\n\n<li><a>...<\/a><\/li>\n\n\n\n<li><a href='?page_no=22911'>22911<\/a><\/li>\n\n\n\n<li><a href='?page_no=22912'>22912<\/a><\/li>\n\n    \n\t\n\n<li >\n\t<a href='?page_no=17840'>Next<\/a>\n\t<\/li>\n\n\n    \n\n<li><a href='?page_no=22912'>Last &rsaquo;&rsaquo;<\/a><\/li>\n\n<\/ul>\n\n\n--><br \/>\n<\/body><\/p>\n","protected":false},"excerpt":{"rendered":"<p>Santo Domingo, RD 2 marzo.- El Museo de Arte Moderno (MAM) inaugurar\u00e1 la exposici\u00f3n individual de pintura \u00abThe Love of the Poet\u00bb, del artista argentino Daniel Bottero. El acto est\u00e1 pautado para el mi\u00e9rcoles 07 de marzo, a las 7:00 de la noche, en la primera planta del MAM. La exposici\u00f3n, integrada por m\u00e1s de [&hellip;]<\/p>\n","protected":false},"author":3,"featured_media":0,"comment_status":"open","ping_status":"open","sticky":false,"template":"","format":"standard","meta":{"footnotes":""},"categories":[21],"tags":[],"class_list":["post-66161","post","type-post","status-publish","format-standard","hentry","category-cultura"],"_links":{"self":[{"href":"https:\/\/diariodominicano.com\/index.php?rest_route=\/wp\/v2\/posts\/66161","targetHints":{"allow":["GET"]}}],"collection":[{"href":"https:\/\/diariodominicano.com\/index.php?rest_route=\/wp\/v2\/posts"}],"about":[{"href":"https:\/\/diariodominicano.com\/index.php?rest_route=\/wp\/v2\/types\/post"}],"author":[{"embeddable":true,"href":"https:\/\/diariodominicano.com\/index.php?rest_route=\/wp\/v2\/users\/3"}],"replies":[{"embeddable":true,"href":"https:\/\/diariodominicano.com\/index.php?rest_route=%2Fwp%2Fv2%2Fcomments&post=66161"}],"version-history":[{"count":0,"href":"https:\/\/diariodominicano.com\/index.php?rest_route=\/wp\/v2\/posts\/66161\/revisions"}],"wp:attachment":[{"href":"https:\/\/diariodominicano.com\/index.php?rest_route=%2Fwp%2Fv2%2Fmedia&parent=66161"}],"wp:term":[{"taxonomy":"category","embeddable":true,"href":"https:\/\/diariodominicano.com\/index.php?rest_route=%2Fwp%2Fv2%2Fcategories&post=66161"},{"taxonomy":"post_tag","embeddable":true,"href":"https:\/\/diariodominicano.com\/index.php?rest_route=%2Fwp%2Fv2%2Ftags&post=66161"}],"curies":[{"name":"wp","href":"https:\/\/api.w.org\/{rel}","templated":true}]}}