{"id":66160,"date":"2012-03-02T20:44:54","date_gmt":"2012-03-02T20:44:54","guid":{"rendered":"http:\/\/diariodominicano.ddns.net\/?p=66160"},"modified":"2012-03-02T20:44:54","modified_gmt":"2012-03-02T20:44:54","slug":"piden-17-de-abril-sea-reconocido-como-dia-internacional-de-las-luchas-campesinas","status":"publish","type":"post","link":"https:\/\/diariodominicano.com\/?p=66160","title":{"rendered":"Piden 17 de abril sea reconocido como \u00abD\u00eda Internacional de las Luchas Campesinas\u00bb"},"content":{"rendered":"<p><body><\/p>\n<p><span class=\"text1noticias\">Jakarta, 2 de marzo de 2012.-El 17 de abril es el D\u00eda Internacional de las Luchas Campesinas, que conmemora la masacre de 19 campesinas y campesinos que luchaban por tierra y justicia en Brasil en 1996. Cada a\u00f1o se celebra este d\u00eda en todo el mundo, en defensa de las campesinas y los campesinos que luchan por sus derechos.<\/span><\/p>\n<\/p>\n<p><span class=\"text1noticias\">Durante los \u00faltimos a\u00f1os hemos padecido la aplicaci\u00f3n de nuevas pol\u00edticas y de un nuevo modelo de desarrollo basado en la expansi\u00f3n y expropiaci\u00f3n de terrenos, conocido como acaparamiento de tierras. El acaparamiento de tierras es un fen\u00f3meno impulsado por inversores y personas con poder a escala local, nacional e internacional, con la connivencia de gobiernos y autoridades locales, para controlar los recursos m\u00e1s preciados del mundo.<\/span><\/p>\n<\/p>\n<p><span class=\"text1noticias\">El acaparamiento de tierras ha provocado la concentraci\u00f3n de la tierra y recursos naturales en manos de grandes inversores, due\u00f1os de plantaciones, empresas madereras, hidroel\u00e9ctricas y mineras, desarrolladres tur\u00edsticos e inmobiliarios, autoridades portuarias y de infraestructuras, etc. La consecuencia ha sido el desalojo y desplazamiento de poblaciones locales ?generalmente campesinos y campesinas?, la violaci\u00f3n de derechos humanos y de la mujer, el aumento de la pobreza, la fractura social y la contaminaci\u00f3n ambiental. El acaparamiento de tierras trasciende las estructuras imperialistas Norte-Sur: las corporaciones transnacionales involucradas est\u00e1n basadas en Estados Unidos, Europa, Chile, M\u00e9xico, Brasil, Rusia, India, China, Sud\u00e1frica, Tailandia, Malasia, Indonesia y Corea del Sur, entre otros.<\/span><\/p>\n<\/p>\n<p><span class=\"text1noticias\">Las instituciones financieras, como los bancos privados, los fondos de pensiones y otros fondos de inversi\u00f3n, se han convertido en agentes poderosos en el acaparamiento de tierras, mientras se siguen emprendiendo guerras para tomar el control de las riquezas naturales. <\/span><\/p>\n<\/p>\n<p><span class=\"text1noticias\">El Banco Mundial y algunos bancos regionales de desarrollo est\u00e1n facilitando el acaparamiento de tierras y agua mediante la promoci\u00f3n de medidas y legislaciones que favorecen a las corporaciones, como el suministro de capital y garant\u00edas para inversores corporativos y el fomento de un modelo econ\u00f3mico de desarrollo destructivo y extractivo. En el inter\u00edn, el Banco Mundial y otras instituciones han propuesto siete principios para la Inversi\u00f3n Agr\u00edcola Responsable (IAR) que deber\u00edan prevenir los abusos, pero que en realidad dan legitimidad al acaparamiento de tierras por parte de inversores p\u00fablicos y privados.<\/span><\/p>\n<\/p>\n<p><span class=\"text1noticias\"> La Via Campesina, junto con aliadas y alidos claves, ha protestado en contra de esta iniciativa durante los \u00faltimos dos a\u00f1os.<\/span><\/p>\n<\/p>\n<p><span class=\"text1noticias\">El acaparamiento de tierras es un fen\u00f3meno global basado en la dominaci\u00f3n corporativa de la agricultura a trav\u00e9s del control de la tierra, el agua, las semillas y otros recursos. Muchos gobiernos y gabinetes estrat\u00e9gicos la justifican aduciendo que la agroindustria modernizar\u00e1 las pr\u00e1cticas agr\u00edcolas atrasadas y garantizar\u00e1 la seguridad alimentaria para todos. Sin embargo, por muy difundidas que sean estas aduciones, se ha demostrado que son completamente falsas en el mundo real.<\/span><\/p>\n<\/p>\n<p><span class=\"text1noticias\">Los agentes clave detr\u00e1s del acaparamiento de tierras dan prioridad a las ganancias ganancias por encima del bienestar de las personas: producen agrocombustibles si ello resulta m\u00e1s rentable que la producci\u00f3n de alimentos; y exportan su producci\u00f3n alimentaria si ello resulta m\u00e1s lucrativo que venderla en el mercado local. <\/span><\/p>\n<\/p>\n<p><span class=\"text1noticias\">En esta carrera por lucrar, la agro-ind\u00fastra est\u00e1 aumentando su control de los sistem\u00e1s de producci\u00f3n de alimentos, monopolizando recursos y dominando en los procesos de toma de decisiones.<\/span><\/p>\n<\/p>\n<p><span class=\"text1noticias\">Los grupos de presi\u00f3n corporativos poseen una fuerte inflencia pol\u00edtica que a menudo embarga a las instituciones democr\u00e1ticas. Adem\u00e1s, act\u00faan con la complicidad de la clase dirigente local y nacional (comerciantes, pol\u00edticos y l\u00edderes de comunidades), que no protegen a su propio pueblo del saqueo.<\/span><\/p>\n<\/p>\n<p><span class=\"text1noticias\">El acaparamiento de tierras ha despose\u00eddo a campesinas y campesinos y pueblos ind\u00edgenas, especialmente a mujeres y j\u00f3venes, de sus recursos y medios de sustento. Tambi\u00e9n est\u00e1 da\u00f1ando el medio ambiente. Los pueblos ind\u00edgenas y las minor\u00edas \u00e9tnicas se ven expulsados de sus territorios por fuerzas armadas, lo que aumenta su vulnerabilidad y en ciertos casos ocasiona incluso la esclavitud.<\/span><\/p>\n<\/p>\n<p><span class=\"text1noticias\">Las falsas soluciones al cambio clim\u00e1tico, basadas en el mercado, como el concepto en boga de la \u00abeconom\u00eda verde\u00bb, est\u00e1n logrando separar para siempre a las comunidades locales de sus recursos agr\u00edcolas y naturales.<\/span><\/p>\n<\/p>\n<p><span class=\"text1noticias\">As\u00ed pues, La Via Campesina realiza un llamamiento a todas y todos sus miembros y aliados, movimientos de pescadores, organizaciones de trabajadores agr\u00edcolas, grupos de estudiantes y medioambiente, movimientos a favor de la justicia social, para organizar acciones en todo el mundo el dia 17 de abril para ejercer una masiva demostraci\u00f3n de resistencia popular al acaparamiento de tierras y destacar la lucha contra el control corporativo sobre los recursos agr\u00edcolas y naturales.<\/span><\/p>\n<\/p>\n<p><strong><em><u><span class=\"text1noticias\">Un\u00e1monos y luchemos:<\/span><\/u><\/em><\/strong><\/p>\n<\/p>\n<p><span class=\"text1noticias\">? Para detener el acaparamiento de tierras y reclamar la tierra tomada. \u00a1La tierra deber\u00eda estar en manos de quienes la trabajan!<\/span><\/p>\n<\/p>\n<p><span class=\"text1noticias\">? Para aplicar una reforma agraria integral a fin de llevar justicia social a las zonas rurales.<\/span><\/p>\n<\/p>\n<p><span class=\"text1noticias\">? Para acabar con el control de la vida de miles de millones de personas, ejercido por unos pocos inversores y empresas transnacionales.<\/span><\/p>\n<\/p>\n<p><span class=\"text1noticias\">? Para oponernos a los principios de las \u00abinversiones agr\u00edcolas responsables\u00bb (IAR) propuestas por el Banco Mundial, ya que nunca puede ser \u00abresponsable\u00bb el hecho de que inversores y empresas acaparen tierras agr\u00edcolas.<\/span><\/p>\n<\/p>\n<p><span class=\"text1noticias\">? Para reforzar el sistema de producci\u00f3n agr\u00edcola basado en la agricultura campesina y la soberan\u00eda alimentaria.<\/span><\/p>\n<\/p>\n<p><span class=\"text1noticias\">Invitamos a organizaciones, movimientos y agrupaciones y personas a que el 17 de abril organicen una acci\u00f3n directa, una proyecci\u00f3n de v\u00eddeo, un mercado campesino , una ocupaci\u00f3n de tierras, un debate, una protesta, una exposici\u00f3n de arte, o cualquier otra acci\u00f3n que destaque el mismo objetivo.<\/span><\/p>\n<\/p>\n<p><span class=\"text1noticias\">? Inf\u00f3rmanos de tus planes por correo electr\u00f3nico a viacampesina@viacampesina.org<\/span><\/p>\n<p><span class=\"text1noticias\">? Suscr\u00edbete a nuestra lista de correo especial, enviando un mensaje en blanco a via.17april-suscribe@viacampesina.net<\/span><\/p>\n<p><span class=\"text1noticias\">? \u00a1Env\u00edanos informes, fotos y v\u00eddeos de tu acci\u00f3n!<\/span><\/p>\n<p><span class=\"text1noticias\">? Publicaremos un mapa de acciones en todo el mundo en www.viacampesina.org<\/span><\/p>\n<p><span class=\"text1noticias\">? Participa en nuestro evento en Facebook<\/span><\/p>\n<\/p>\n<h6> 2012-03-02 20:44:54 <\/h6>\n<p><!--\n<link rel=\"stylesheet\" href=\"css\/bootstrap.min.css\">\n\n\n<ul class=\"pagination\">\n\t    \n\t\n\n<li >\n\t<a href='?page_no=17837'>Previous<\/a>\n\t<\/li>\n\n\n       \n    \n\n<li><a href='?page_no=1'>1<\/a><\/li>\n\n\n\n<li><a href='?page_no=2'>2<\/a><\/li>\n\n\n\n<li><a>...<\/a><\/li>\n\n\n\n<li><a href='?page_no=17836'>17836<\/a><\/li>\n\n\n\n<li><a href='?page_no=17837'>17837<\/a><\/li>\n\n\n\n<li class='active'><a>17838<\/a><\/li>\n\n\n\n<li><a href='?page_no=17839'>17839<\/a><\/li>\n\n\n\n<li><a href='?page_no=17840'>17840<\/a><\/li>\n\n\n\n<li><a>...<\/a><\/li>\n\n\n\n<li><a href='?page_no=22911'>22911<\/a><\/li>\n\n\n\n<li><a href='?page_no=22912'>22912<\/a><\/li>\n\n    \n\t\n\n<li >\n\t<a href='?page_no=17839'>Next<\/a>\n\t<\/li>\n\n\n    \n\n<li><a href='?page_no=22912'>Last &rsaquo;&rsaquo;<\/a><\/li>\n\n<\/ul>\n\n\n--><br \/>\n<\/body><\/p>\n","protected":false},"excerpt":{"rendered":"<p>Jakarta, 2 de marzo de 2012.-El 17 de abril es el D\u00eda Internacional de las Luchas Campesinas, que conmemora la masacre de 19 campesinas y campesinos que luchaban por tierra y justicia en Brasil en 1996. Cada a\u00f1o se celebra este d\u00eda en todo el mundo, en defensa de las campesinas y los campesinos que [&hellip;]<\/p>\n","protected":false},"author":3,"featured_media":0,"comment_status":"open","ping_status":"open","sticky":false,"template":"","format":"standard","meta":{"footnotes":""},"categories":[21],"tags":[],"class_list":["post-66160","post","type-post","status-publish","format-standard","hentry","category-cultura"],"_links":{"self":[{"href":"https:\/\/diariodominicano.com\/index.php?rest_route=\/wp\/v2\/posts\/66160","targetHints":{"allow":["GET"]}}],"collection":[{"href":"https:\/\/diariodominicano.com\/index.php?rest_route=\/wp\/v2\/posts"}],"about":[{"href":"https:\/\/diariodominicano.com\/index.php?rest_route=\/wp\/v2\/types\/post"}],"author":[{"embeddable":true,"href":"https:\/\/diariodominicano.com\/index.php?rest_route=\/wp\/v2\/users\/3"}],"replies":[{"embeddable":true,"href":"https:\/\/diariodominicano.com\/index.php?rest_route=%2Fwp%2Fv2%2Fcomments&post=66160"}],"version-history":[{"count":0,"href":"https:\/\/diariodominicano.com\/index.php?rest_route=\/wp\/v2\/posts\/66160\/revisions"}],"wp:attachment":[{"href":"https:\/\/diariodominicano.com\/index.php?rest_route=%2Fwp%2Fv2%2Fmedia&parent=66160"}],"wp:term":[{"taxonomy":"category","embeddable":true,"href":"https:\/\/diariodominicano.com\/index.php?rest_route=%2Fwp%2Fv2%2Fcategories&post=66160"},{"taxonomy":"post_tag","embeddable":true,"href":"https:\/\/diariodominicano.com\/index.php?rest_route=%2Fwp%2Fv2%2Ftags&post=66160"}],"curies":[{"name":"wp","href":"https:\/\/api.w.org\/{rel}","templated":true}]}}