{"id":661592,"date":"2026-01-22T10:54:54","date_gmt":"2026-01-22T14:54:54","guid":{"rendered":"https:\/\/diariodominicano.com\/?p=661592"},"modified":"2026-01-22T19:28:58","modified_gmt":"2026-01-22T23:28:58","slug":"designan-en-venezuela-nuevos-mandos-de-regiones-y-zonas-de-defensa","status":"publish","type":"post","link":"https:\/\/diariodominicano.com\/?p=661592","title":{"rendered":"Designan en Venezuela nuevos mandos de Regiones y Zonas de Defensa"},"content":{"rendered":"\n<p>Caracas, 22 ene (Prensa Latina) La Fuerza Armada Nacional Bolivariana (FANB) de Venezuela anunci\u00f3 cambios en el mando en 10 Zonas Operativas de Defensa Integral (ZODI) del pa\u00eds y de dos de los comandantes de las Regiones de Defensa Integral (REDI), trascendi\u00f3 hoy.<\/p>\n\n\n\n<p><a href=\"https:\/\/www.prensa-latina.cu\/2026\/01\/22\/\"><time>enero 22, 2026 | 09:04<\/time><\/a> <\/p>\n\n\n\n<p>Sin dar detalles, el comandante Estrat\u00e9gico Operacional de la FANB, Domingo Hern\u00e1ndez, dio a conocer anoche en su cuenta de Telegram la informaci\u00f3n con una foto de cada oficial y un peque\u00f1o texto de felicitaci\u00f3n por la designaci\u00f3n.<\/p>\n\n\n\n<p>Hern\u00e1ndez felicit\u00f3 en el caso de las REDI al mayor general Pablo Lizano Colmenter por su designaci\u00f3n como Comandante de la Regi\u00f3n Estrat\u00e9gica de Defensa Integral Los Andes y al mayor general Erasmo Ramos Iriza, por igual cargo en la Regi\u00f3n Estrat\u00e9gica de Defensa Integral Oriental.<\/p>\n\n\n\n<figure class=\"wp-block-image\"><img decoding=\"async\" src=\"https:\/\/www.prensa-latina.cu\/wp-content\/uploads\/2026\/01\/designacion-2-1.jpg\" alt=\"\" class=\"wp-image-1697033\"\/><\/figure>\n\n\n\n<p>De este \u00faltimo destac\u00f3 que es un soldado incansable de la patria, quien, con mucho sacrificio y esp\u00edritu de cuerpo, \u201cha sabido conducir a los hombres y mujeres, bajo su comando al fortalecimiento de nuestra Fuerza Armada\u201d, inculcando valores superiores a sus subalternos, redundando siempre en el beneficio de la patria.<\/p>\n\n\n\n<p>Como parte de los cambios resultaron designados al frente de las ZODI lo generales de divisi\u00f3n: Rufo Daniel Parra (Miranda); Miguel Chac\u00edn (Delta Amacuro); Jos\u00e9 Freitas (Yaracuy); Jos\u00e9 Caldera (Monagas); Gustavo Belizario (Barinas); Jos\u00e9 Herrera (Falc\u00f3n); Francisco S\u00e1nchez (Aragua) y Carlos Augusto Bastidas (T\u00e1chira).<\/p>\n\n\n\n<p>Asimismo, los vicealmirantes Uldren Gedde y Juan Sol\u00f3rzano asumieron las regiones Mar\u00edtima e Insular Occidental y Mar\u00edtima e Insular Oriental, respectivamente.<\/p>\n\n\n\n<p>ro\/jcd<\/p>\n\n\n\n<ul class=\"wp-block-list\">\n<li>#<a href=\"https:\/\/www.prensa-latina.cu\/etiqueta\/defensa\/\">defensa<\/a>&nbsp;#<a href=\"https:\/\/www.prensa-latina.cu\/etiqueta\/fanb\/\">FANB<\/a>&nbsp;#<a href=\"https:\/\/www.prensa-latina.cu\/etiqueta\/venezuela\/\">Venezuela<\/a><\/li>\n<\/ul>\n","protected":false},"excerpt":{"rendered":"<p>Caracas, 22 ene (Prensa Latina) La Fuerza Armada Nacional Bolivariana (FANB) de Venezuela anunci\u00f3 cambios en el mando en 10 Zonas Operativas de Defensa Integral (ZODI) del pa\u00eds y de dos de los comandantes de las Regiones de Defensa Integral (REDI), trascendi\u00f3 hoy. enero 22, 2026 | 09:04 Sin dar detalles, el comandante Estrat\u00e9gico Operacional [&hellip;]<\/p>\n","protected":false},"author":2,"featured_media":661593,"comment_status":"closed","ping_status":"closed","sticky":false,"template":"","format":"standard","meta":{"footnotes":""},"categories":[36,23,27],"tags":[1375],"class_list":["post-661592","post","type-post","status-publish","format-standard","has-post-thumbnail","hentry","category-hombresmujeresycosas","category-internacional","category-portada","tag-venezuela"],"_links":{"self":[{"href":"https:\/\/diariodominicano.com\/index.php?rest_route=\/wp\/v2\/posts\/661592","targetHints":{"allow":["GET"]}}],"collection":[{"href":"https:\/\/diariodominicano.com\/index.php?rest_route=\/wp\/v2\/posts"}],"about":[{"href":"https:\/\/diariodominicano.com\/index.php?rest_route=\/wp\/v2\/types\/post"}],"author":[{"embeddable":true,"href":"https:\/\/diariodominicano.com\/index.php?rest_route=\/wp\/v2\/users\/2"}],"replies":[{"embeddable":true,"href":"https:\/\/diariodominicano.com\/index.php?rest_route=%2Fwp%2Fv2%2Fcomments&post=661592"}],"version-history":[{"count":2,"href":"https:\/\/diariodominicano.com\/index.php?rest_route=\/wp\/v2\/posts\/661592\/revisions"}],"predecessor-version":[{"id":661629,"href":"https:\/\/diariodominicano.com\/index.php?rest_route=\/wp\/v2\/posts\/661592\/revisions\/661629"}],"wp:featuredmedia":[{"embeddable":true,"href":"https:\/\/diariodominicano.com\/index.php?rest_route=\/wp\/v2\/media\/661593"}],"wp:attachment":[{"href":"https:\/\/diariodominicano.com\/index.php?rest_route=%2Fwp%2Fv2%2Fmedia&parent=661592"}],"wp:term":[{"taxonomy":"category","embeddable":true,"href":"https:\/\/diariodominicano.com\/index.php?rest_route=%2Fwp%2Fv2%2Fcategories&post=661592"},{"taxonomy":"post_tag","embeddable":true,"href":"https:\/\/diariodominicano.com\/index.php?rest_route=%2Fwp%2Fv2%2Ftags&post=661592"}],"curies":[{"name":"wp","href":"https:\/\/api.w.org\/{rel}","templated":true}]}}