{"id":66159,"date":"2012-03-02T21:37:46","date_gmt":"2012-03-02T21:37:46","guid":{"rendered":"http:\/\/diariodominicano.ddns.net\/?p=66159"},"modified":"2012-03-02T21:37:46","modified_gmt":"2012-03-02T21:37:46","slug":"iglesia-y-carnavales-mantienen-disputa-por-cambio-de-fechas","status":"publish","type":"post","link":"https:\/\/diariodominicano.com\/?p=66159","title":{"rendered":"&#13;Iglesia y Carnavales mantienen disputa por cambio de fechas&#13;&#13;"},"content":{"rendered":"<p><body><\/p>\n<p><img decoding=\"async\" src=\"img3\/Bomberos RD.jpg\" \/>  <\/p>\n<p><span class=\"text1noticias\">Santo Domingo, RD 2 marzo.- La Comisi\u00f3n Permanente por la Separaci\u00f3n de las Fiestas Patrias y la Cuaresma del carnaval dominicano calific\u00f3 este viernes el desfile nacional carnavalesco como un irrespeto al sentimiento patri\u00f3tico y religioso de la Rep\u00fablica Dominicana.<\/span><\/p>\n<p><span class=\"text1noticias\"> <\/span><\/p>\n<p><span class=\"text1noticias\">Asimismo, la comisi\u00f3n declar\u00f3 la fiesta del carnaval del pa\u00eds como una de las m\u00e1s inseguras de todos los pa\u00edses del mundo. Efra\u00edn Bautista, p\u00e1rroco y vocero los cat\u00f3licos, afirm\u00f3 que es verdad que todos los carnavales del mundo mueve mucha gente: \u00abpero continuar\u00e9 reclamando pac\u00edficamente para que se separe las fiestas patrias y la cuaresma\u00bb.<\/span><\/p>\n<p><span class=\"text1noticias\"> <\/span><\/p>\n<p><span class=\"text1noticias\">Todos los a\u00f1os la Iglesia Cat\u00f3lica se pronuncia en contra del desfile nacional de carnaval, que se celebra en el Malec\u00f3n de Santo Domingo, para que \u00e9ste sea alejado de las conmemoraciones religiosas; pero, esto no se ha logrado.<\/span><\/p>\n<p><span class=\"text1noticias\"> <\/span><\/p>\n<p><span class=\"text1noticias\">Finalmente, enfatiz\u00f3 que: \u00abno se trata de un capricho, sino de un deseo para que nuestro pa\u00eds camine con la raz\u00f3n y de que no haga de nuestras efem\u00e9rides patrias y la cuaresma un carnaval\u00bb.<\/span><\/p>\n<p><span class=\"text1noticias\">|<\/span><\/p>\n<p><span class=\"text1noticias\">Todavia sin valorar. !Animate a ser el primero! <\/span><\/p>\n<h6> 2012-03-02 21:37:46 <\/h6>\n<p><!--\n<link rel=\"stylesheet\" href=\"css\/bootstrap.min.css\">\n\n\n<ul class=\"pagination\">\n\t    \n\t\n\n<li >\n\t<a href='?page_no=17836'>Previous<\/a>\n\t<\/li>\n\n\n       \n    \n\n<li><a href='?page_no=1'>1<\/a><\/li>\n\n\n\n<li><a href='?page_no=2'>2<\/a><\/li>\n\n\n\n<li><a>...<\/a><\/li>\n\n\n\n<li><a href='?page_no=17835'>17835<\/a><\/li>\n\n\n\n<li><a href='?page_no=17836'>17836<\/a><\/li>\n\n\n\n<li class='active'><a>17837<\/a><\/li>\n\n\n\n<li><a href='?page_no=17838'>17838<\/a><\/li>\n\n\n\n<li><a href='?page_no=17839'>17839<\/a><\/li>\n\n\n\n<li><a>...<\/a><\/li>\n\n\n\n<li><a href='?page_no=22911'>22911<\/a><\/li>\n\n\n\n<li><a href='?page_no=22912'>22912<\/a><\/li>\n\n    \n\t\n\n<li >\n\t<a href='?page_no=17838'>Next<\/a>\n\t<\/li>\n\n\n    \n\n<li><a href='?page_no=22912'>Last &rsaquo;&rsaquo;<\/a><\/li>\n\n<\/ul>\n\n\n--><br \/>\n<\/body><\/p>\n","protected":false},"excerpt":{"rendered":"<p>Santo Domingo, RD 2 marzo.- La Comisi\u00f3n Permanente por la Separaci\u00f3n de las Fiestas Patrias y la Cuaresma del carnaval dominicano calific\u00f3 este viernes el desfile nacional carnavalesco como un irrespeto al sentimiento patri\u00f3tico y religioso de la Rep\u00fablica Dominicana. Asimismo, la comisi\u00f3n declar\u00f3 la fiesta del carnaval del pa\u00eds como una de las m\u00e1s [&hellip;]<\/p>\n","protected":false},"author":3,"featured_media":0,"comment_status":"open","ping_status":"open","sticky":false,"template":"","format":"standard","meta":{"footnotes":""},"categories":[21],"tags":[],"class_list":["post-66159","post","type-post","status-publish","format-standard","hentry","category-cultura"],"_links":{"self":[{"href":"https:\/\/diariodominicano.com\/index.php?rest_route=\/wp\/v2\/posts\/66159","targetHints":{"allow":["GET"]}}],"collection":[{"href":"https:\/\/diariodominicano.com\/index.php?rest_route=\/wp\/v2\/posts"}],"about":[{"href":"https:\/\/diariodominicano.com\/index.php?rest_route=\/wp\/v2\/types\/post"}],"author":[{"embeddable":true,"href":"https:\/\/diariodominicano.com\/index.php?rest_route=\/wp\/v2\/users\/3"}],"replies":[{"embeddable":true,"href":"https:\/\/diariodominicano.com\/index.php?rest_route=%2Fwp%2Fv2%2Fcomments&post=66159"}],"version-history":[{"count":0,"href":"https:\/\/diariodominicano.com\/index.php?rest_route=\/wp\/v2\/posts\/66159\/revisions"}],"wp:attachment":[{"href":"https:\/\/diariodominicano.com\/index.php?rest_route=%2Fwp%2Fv2%2Fmedia&parent=66159"}],"wp:term":[{"taxonomy":"category","embeddable":true,"href":"https:\/\/diariodominicano.com\/index.php?rest_route=%2Fwp%2Fv2%2Fcategories&post=66159"},{"taxonomy":"post_tag","embeddable":true,"href":"https:\/\/diariodominicano.com\/index.php?rest_route=%2Fwp%2Fv2%2Ftags&post=66159"}],"curies":[{"name":"wp","href":"https:\/\/api.w.org\/{rel}","templated":true}]}}