{"id":661584,"date":"2026-01-22T10:44:35","date_gmt":"2026-01-22T14:44:35","guid":{"rendered":"https:\/\/diariodominicano.com\/?p=661584"},"modified":"2026-01-22T19:27:42","modified_gmt":"2026-01-22T23:27:42","slug":"putin-confirmo-que-se-reunira-con-enviados-estadounidenses","status":"publish","type":"post","link":"https:\/\/diariodominicano.com\/?p=661584","title":{"rendered":"Putin confirm\u00f3 que se reunir\u00e1 con enviados estadounidenses"},"content":{"rendered":"\n<p>Mosc\u00fa, 22 ene (Prensa Latina) El presidente de Rusia, Vladimir Putin, confirm\u00f3 que se reunir\u00e1 hoy con el enviado especial estadounidense, Steve Witkoff, y con el yerno del gobernante norteamericano, Jared Kushner, en torno al conflicto con Ucrania.<\/p>\n\n\n\n<p><a href=\"https:\/\/www.prensa-latina.cu\/2026\/01\/22\/\"><time>enero 22, 2026 | 01:43<\/time><\/a> <\/p>\n\n\n\n<p>El l\u00edder ruso refiri\u00f3 en una sesi\u00f3n informativa con el Consejo de Seguridad Nacional que recibir\u00e1 este jueves en el Kremlin a Witkoff y a Kushner con el objetivo de continuar el di\u00e1logo sobre la soluci\u00f3n a la crisis ucraniana.<\/p>\n\n\n\n<p>Putin igualmente abord\u00f3 la invitaci\u00f3n hecha a Rusia para integrar el llamado \u201cConsejo de Paz\u201d\u2019, la situaci\u00f3n en la Franja de Gaza, los esfuerzos de Washington para lograr una soluci\u00f3n en Ucrania y el posible destino de los activos rusos congelados en la anterior administraci\u00f3n estadounidense.<\/p>\n\n\n\n<p>\u00abPlaneo discutir todos estos temas con el jefe de la Autoridad Nacional Palestina, Mahmud Ab\u00e1s, con quien tambi\u00e9n me reunir\u00e9 ma\u00f1ana, as\u00ed como con los representantes estadounidenses, quienes estar\u00e1n en Mosc\u00fa para continuar el di\u00e1logo sobre la soluci\u00f3n a la crisis en Ucrania\u00bb, declar\u00f3 el jefe de Estado.<\/p>\n\n\n\n<p>Anteriormente, el portavoz del Kremlin, Dmitri Peskov, hab\u00eda se\u00f1alado que Mosc\u00fa esperaba recibir una nueva visita de los negociadores estadounidenses para Ucrania, Witkoff y Kushner, una vez que se acordaban las fechas de los contactos.<\/p>\n\n\n\n<p>Adem\u00e1s, el vocero se\u00f1al\u00f3 que los canales existentes para la comunicaci\u00f3n con los negociadores norteamericanos segu\u00edan funcionando.<\/p>\n\n\n\n<p>oda\/gfa<\/p>\n\n\n\n<ul class=\"wp-block-list\">\n<li>#<a href=\"https:\/\/www.prensa-latina.cu\/etiqueta\/eeuu\/\">eeuu<\/a>&nbsp;#<a href=\"https:\/\/www.prensa-latina.cu\/etiqueta\/enviados\/\">enviados<\/a>&nbsp;#<a href=\"https:\/\/www.prensa-latina.cu\/etiqueta\/putin\/\">Putin<\/a>&nbsp;#<a href=\"https:\/\/www.prensa-latina.cu\/etiqueta\/rusia\/\">Rusia<\/a>&nbsp;#<a href=\"https:\/\/www.prensa-latina.cu\/etiqueta\/se-reunira\/\">se reunir\u00e1<\/a><\/li>\n<\/ul>\n","protected":false},"excerpt":{"rendered":"<p>Mosc\u00fa, 22 ene (Prensa Latina) El presidente de Rusia, Vladimir Putin, confirm\u00f3 que se reunir\u00e1 hoy con el enviado especial estadounidense, Steve Witkoff, y con el yerno del gobernante norteamericano, Jared Kushner, en torno al conflicto con Ucrania. enero 22, 2026 | 01:43 El l\u00edder ruso refiri\u00f3 en una sesi\u00f3n informativa con el Consejo de [&hellip;]<\/p>\n","protected":false},"author":2,"featured_media":661585,"comment_status":"closed","ping_status":"closed","sticky":false,"template":"","format":"standard","meta":{"footnotes":""},"categories":[23,27],"tags":[3556,3557],"class_list":["post-661584","post","type-post","status-publish","format-standard","has-post-thumbnail","hentry","category-internacional","category-portada","tag-prensa-latina","tag-putin"],"_links":{"self":[{"href":"https:\/\/diariodominicano.com\/index.php?rest_route=\/wp\/v2\/posts\/661584","targetHints":{"allow":["GET"]}}],"collection":[{"href":"https:\/\/diariodominicano.com\/index.php?rest_route=\/wp\/v2\/posts"}],"about":[{"href":"https:\/\/diariodominicano.com\/index.php?rest_route=\/wp\/v2\/types\/post"}],"author":[{"embeddable":true,"href":"https:\/\/diariodominicano.com\/index.php?rest_route=\/wp\/v2\/users\/2"}],"replies":[{"embeddable":true,"href":"https:\/\/diariodominicano.com\/index.php?rest_route=%2Fwp%2Fv2%2Fcomments&post=661584"}],"version-history":[{"count":4,"href":"https:\/\/diariodominicano.com\/index.php?rest_route=\/wp\/v2\/posts\/661584\/revisions"}],"predecessor-version":[{"id":661625,"href":"https:\/\/diariodominicano.com\/index.php?rest_route=\/wp\/v2\/posts\/661584\/revisions\/661625"}],"wp:featuredmedia":[{"embeddable":true,"href":"https:\/\/diariodominicano.com\/index.php?rest_route=\/wp\/v2\/media\/661585"}],"wp:attachment":[{"href":"https:\/\/diariodominicano.com\/index.php?rest_route=%2Fwp%2Fv2%2Fmedia&parent=661584"}],"wp:term":[{"taxonomy":"category","embeddable":true,"href":"https:\/\/diariodominicano.com\/index.php?rest_route=%2Fwp%2Fv2%2Fcategories&post=661584"},{"taxonomy":"post_tag","embeddable":true,"href":"https:\/\/diariodominicano.com\/index.php?rest_route=%2Fwp%2Fv2%2Ftags&post=661584"}],"curies":[{"name":"wp","href":"https:\/\/api.w.org\/{rel}","templated":true}]}}