{"id":66157,"date":"2012-03-02T22:26:32","date_gmt":"2012-03-02T22:26:32","guid":{"rendered":"http:\/\/diariodominicano.ddns.net\/?p=66157"},"modified":"2012-03-02T22:26:32","modified_gmt":"2012-03-02T22:26:32","slug":"embajada-dominicana-en-peru-celebra-dia-de-la-independencia","status":"publish","type":"post","link":"https:\/\/diariodominicano.com\/?p=66157","title":{"rendered":"Embajada dominicana en Per\u00fa celebra D\u00eda de la Independencia"},"content":{"rendered":"<p><body><\/p>\n<p><span class=\"text1noticias\">Santo Domingo, RD 2 marzo.- La Embajada de Rep\u00fablica Dominicana en Per\u00fa celebr\u00f3 el 168 aniversario de la Independencia Nacional con la apertura de una exposici\u00f3n pict\u00f3rica colectiva de obras de artistas dominicanos.<\/span><\/p>\n<\/p>\n<p><span class=\"text1noticias\">Las obras de los artistas Silvio Reyes, Gabino Rosario, Federico Cuello, Vladimir Vel\u00e1zquez, Juli\u00e1n Amado y Verouschka Freixas fueron exhibidas en la galer\u00eda de artes visuales del Centro Cultural Ccori Wasi de la Universidad Ricardo Palma.<\/span><\/p>\n<\/p>\n<p><span class=\"text1noticias\">El acto estuvo presidido por el embajador dominicano en Per\u00fa, Rafael Juli\u00e1n, y el rector de la Universidad Ricardo Palma, Iv\u00e1n Rodr\u00edguez Ch\u00e1vez, quienes afirmaron que con la exposici\u00f3n se rend\u00eda homenaje a la gesta patri\u00f3tica<\/span>.<\/p>\n<\/p>\n<\/p>\n<h6> 2012-03-02 22:26:32 <\/h6>\n<p><!--\n<link rel=\"stylesheet\" href=\"css\/bootstrap.min.css\">\n\n\n<ul class=\"pagination\">\n\t    \n\t\n\n<li >\n\t<a href='?page_no=17834'>Previous<\/a>\n\t<\/li>\n\n\n       \n    \n\n<li><a href='?page_no=1'>1<\/a><\/li>\n\n\n\n<li><a href='?page_no=2'>2<\/a><\/li>\n\n\n\n<li><a>...<\/a><\/li>\n\n\n\n<li><a href='?page_no=17833'>17833<\/a><\/li>\n\n\n\n<li><a href='?page_no=17834'>17834<\/a><\/li>\n\n\n\n<li class='active'><a>17835<\/a><\/li>\n\n\n\n<li><a href='?page_no=17836'>17836<\/a><\/li>\n\n\n\n<li><a href='?page_no=17837'>17837<\/a><\/li>\n\n\n\n<li><a>...<\/a><\/li>\n\n\n\n<li><a href='?page_no=22911'>22911<\/a><\/li>\n\n\n\n<li><a href='?page_no=22912'>22912<\/a><\/li>\n\n    \n\t\n\n<li >\n\t<a href='?page_no=17836'>Next<\/a>\n\t<\/li>\n\n\n    \n\n<li><a href='?page_no=22912'>Last &rsaquo;&rsaquo;<\/a><\/li>\n\n<\/ul>\n\n\n--><br \/>\n<\/body><\/p>\n","protected":false},"excerpt":{"rendered":"<p>Santo Domingo, RD 2 marzo.- La Embajada de Rep\u00fablica Dominicana en Per\u00fa celebr\u00f3 el 168 aniversario de la Independencia Nacional con la apertura de una exposici\u00f3n pict\u00f3rica colectiva de obras de artistas dominicanos. Las obras de los artistas Silvio Reyes, Gabino Rosario, Federico Cuello, Vladimir Vel\u00e1zquez, Juli\u00e1n Amado y Verouschka Freixas fueron exhibidas en la [&hellip;]<\/p>\n","protected":false},"author":3,"featured_media":0,"comment_status":"open","ping_status":"open","sticky":false,"template":"","format":"standard","meta":{"footnotes":""},"categories":[21],"tags":[],"class_list":["post-66157","post","type-post","status-publish","format-standard","hentry","category-cultura"],"_links":{"self":[{"href":"https:\/\/diariodominicano.com\/index.php?rest_route=\/wp\/v2\/posts\/66157","targetHints":{"allow":["GET"]}}],"collection":[{"href":"https:\/\/diariodominicano.com\/index.php?rest_route=\/wp\/v2\/posts"}],"about":[{"href":"https:\/\/diariodominicano.com\/index.php?rest_route=\/wp\/v2\/types\/post"}],"author":[{"embeddable":true,"href":"https:\/\/diariodominicano.com\/index.php?rest_route=\/wp\/v2\/users\/3"}],"replies":[{"embeddable":true,"href":"https:\/\/diariodominicano.com\/index.php?rest_route=%2Fwp%2Fv2%2Fcomments&post=66157"}],"version-history":[{"count":0,"href":"https:\/\/diariodominicano.com\/index.php?rest_route=\/wp\/v2\/posts\/66157\/revisions"}],"wp:attachment":[{"href":"https:\/\/diariodominicano.com\/index.php?rest_route=%2Fwp%2Fv2%2Fmedia&parent=66157"}],"wp:term":[{"taxonomy":"category","embeddable":true,"href":"https:\/\/diariodominicano.com\/index.php?rest_route=%2Fwp%2Fv2%2Fcategories&post=66157"},{"taxonomy":"post_tag","embeddable":true,"href":"https:\/\/diariodominicano.com\/index.php?rest_route=%2Fwp%2Fv2%2Ftags&post=66157"}],"curies":[{"name":"wp","href":"https:\/\/api.w.org\/{rel}","templated":true}]}}