{"id":661568,"date":"2026-01-22T10:29:12","date_gmt":"2026-01-22T14:29:12","guid":{"rendered":"https:\/\/diariodominicano.com\/?p=661568"},"modified":"2026-01-22T19:11:35","modified_gmt":"2026-01-22T23:11:35","slug":"europa-matanza-sobre-matanza","status":"publish","type":"post","link":"https:\/\/diariodominicano.com\/?p=661568","title":{"rendered":"Europa, matanza sobre matanza"},"content":{"rendered":"\n<p>Por: Victor Manuel Grimaldi C\u00e9spedes<\/p>\n\n\n\n<p>Ahora que Europa lleg\u00f3 otra vez a la reuni\u00f3n Davos con el ce\u00f1o fruncido y el gesto solemne de quien cree que todav\u00eda puede convencer al mundo con palabras, me trae a la memoria mi Abuelo paterno.<\/p>\n\n\n\n<p><\/p>\n\n\n\n<p>Giuseppe naci\u00f3 en 1891. Hizo su servicio militar obligatorio, y estaba en Brasil con su padre haciendo negocios junto a su padre cuando estall\u00f3 la Primera Guerra Mundial.<\/p>\n\n\n\n<p>Regres\u00f3 a Italia y combati\u00f3 hasta resultar gravemente herido. Fue condecorado como h\u00e9roe pero en 1920 antes del Gobierno del r\u00e9gimen fascista se march\u00f3 de Italia y no retorn\u00f3 jam\u00e1s.<\/p>\n\n\n\n<p>Era un ciudadano italiano como tantos otros ciudadanos europeos que han vivido a trav\u00e9s de siglos y siglos sujetos a las caprichosas matanzas generadas por las ambiciones de sus \u00e9lites.<\/p>\n\n\n\n<p>Ahora en estos d\u00edas en Suiza, la nieve cubr\u00eda los Alpes como una s\u00e1bana pulcra; adentro, el aire estaba cargado de reproches tard\u00edos, de discursos que llegaban siempre despu\u00e9s de los hechos.<\/p>\n\n\n\n<p>No era una cumbre m\u00e1s. Era, aunque pocos quisieran admitirlo, el punto visible de un proceso largo, lento y casi siempre negado: el agotamiento de las \u00e9lites europeas surgidas del orden nacido tras la otra guerra concluida en 1945.<\/p>\n\n\n\n<p>Al terminar la Segunda Guerra Mundial, Europa no solo estaba devastada f\u00edsicamente. Estaba moralmente exhausta y pol\u00edticamente desacreditada. Dos guerras mundiales, incubadas en su propio suelo, hab\u00edan destruido la legitimidad hist\u00f3rica de sus viejos imperios y de sus clases dirigentes.<\/p>\n\n\n\n<p>Fue en ese vac\u00edo donde Estados Unidos ocup\u00f3 el centro del escenario, no solo como potencia vencedora, sino como arquitecto de un nuevo orden. El Plan Marshall no fue un acto de caridad: fue una operaci\u00f3n estrat\u00e9gica de reconstrucci\u00f3n y tutela. Europa acept\u00f3 gustosa. Hab\u00eda hambre, ruinas y miedo al comunismo. La subordinaci\u00f3n se vivi\u00f3 entonces como salvaci\u00f3n.<\/p>\n\n\n\n<p>SEGUIR LEYENDO\u00a0<\/p>\n\n\n\n<figure class=\"wp-block-image\"><img decoding=\"async\" src=\"https:\/\/fonts.gstatic.com\/s\/e\/notoemoji\/16.0\/1f449\/32.png\" alt=\"\ud83d\udc49\"\/><\/figure>\n\n\n\n<figure class=\"wp-block-embed is-type-wp-embed is-provider-incrustado wp-block-embed-incrustado\"><div class=\"wp-block-embed__wrapper\">\n<blockquote class=\"wp-embedded-content\" data-secret=\"G9K1qJSyrD\"><a href=\"https:\/\/stolpkin.net\/?p=51372\">Europa, matanza sobre matanza<\/a><\/blockquote><iframe loading=\"lazy\" class=\"wp-embedded-content\" sandbox=\"allow-scripts\" security=\"restricted\" style=\"position: absolute; visibility: hidden;\" title=\"\u00abEuropa, matanza sobre matanza\u00bb \u2014 \" src=\"https:\/\/stolpkin.net\/?p=51372&#038;embed=true#?secret=KlrLVLPY5r#?secret=G9K1qJSyrD\" data-secret=\"G9K1qJSyrD\" width=\"600\" height=\"338\" frameborder=\"0\" marginwidth=\"0\" marginheight=\"0\" scrolling=\"no\"><\/iframe>\n<\/div><\/figure>\n\n\n\n<p>N\u00edkolas Stolpkin<\/p>\n\n\n\n<p>N\u00edkolas Stolpkin<\/p>\n\n\n\n<p><a target=\"_blank\" href=\"mailto:stolpkin@gmail.com\" rel=\"noreferrer noopener\">stolpkin@gmail.com<\/a><\/p>\n","protected":false},"excerpt":{"rendered":"<p>Por: Victor Manuel Grimaldi C\u00e9spedes Ahora que Europa lleg\u00f3 otra vez a la reuni\u00f3n Davos con el ce\u00f1o fruncido y el gesto solemne de quien cree que todav\u00eda puede convencer al mundo con palabras, me trae a la memoria mi Abuelo paterno. Giuseppe naci\u00f3 en 1891. Hizo su servicio militar obligatorio, y estaba en Brasil [&hellip;]<\/p>\n","protected":false},"author":2,"featured_media":661569,"comment_status":"closed","ping_status":"closed","sticky":false,"template":"","format":"standard","meta":{"footnotes":""},"categories":[36,19,16],"tags":[3588,4065],"class_list":["post-661568","post","type-post","status-publish","format-standard","has-post-thumbnail","hentry","category-hombresmujeresycosas","category-mi-voz","category-opiniones","tag-europa","tag-manuel-grimaldi-cespedes"],"_links":{"self":[{"href":"https:\/\/diariodominicano.com\/index.php?rest_route=\/wp\/v2\/posts\/661568","targetHints":{"allow":["GET"]}}],"collection":[{"href":"https:\/\/diariodominicano.com\/index.php?rest_route=\/wp\/v2\/posts"}],"about":[{"href":"https:\/\/diariodominicano.com\/index.php?rest_route=\/wp\/v2\/types\/post"}],"author":[{"embeddable":true,"href":"https:\/\/diariodominicano.com\/index.php?rest_route=\/wp\/v2\/users\/2"}],"replies":[{"embeddable":true,"href":"https:\/\/diariodominicano.com\/index.php?rest_route=%2Fwp%2Fv2%2Fcomments&post=661568"}],"version-history":[{"count":4,"href":"https:\/\/diariodominicano.com\/index.php?rest_route=\/wp\/v2\/posts\/661568\/revisions"}],"predecessor-version":[{"id":661574,"href":"https:\/\/diariodominicano.com\/index.php?rest_route=\/wp\/v2\/posts\/661568\/revisions\/661574"}],"wp:featuredmedia":[{"embeddable":true,"href":"https:\/\/diariodominicano.com\/index.php?rest_route=\/wp\/v2\/media\/661569"}],"wp:attachment":[{"href":"https:\/\/diariodominicano.com\/index.php?rest_route=%2Fwp%2Fv2%2Fmedia&parent=661568"}],"wp:term":[{"taxonomy":"category","embeddable":true,"href":"https:\/\/diariodominicano.com\/index.php?rest_route=%2Fwp%2Fv2%2Fcategories&post=661568"},{"taxonomy":"post_tag","embeddable":true,"href":"https:\/\/diariodominicano.com\/index.php?rest_route=%2Fwp%2Fv2%2Ftags&post=661568"}],"curies":[{"name":"wp","href":"https:\/\/api.w.org\/{rel}","templated":true}]}}