{"id":66156,"date":"2012-03-02T22:29:47","date_gmt":"2012-03-02T22:29:47","guid":{"rendered":"http:\/\/diariodominicano.ddns.net\/?p=66156"},"modified":"2012-03-02T22:29:47","modified_gmt":"2012-03-02T22:29:47","slug":"xiv-muestra-de-cine-tiene-a-colombia-como-pais-invitado","status":"publish","type":"post","link":"https:\/\/diariodominicano.com\/?p=66156","title":{"rendered":"XIV Muestra de Cine tiene a Colombia como pa\u00eds invitado"},"content":{"rendered":"<p><body><\/p>\n<p><span class=\"text1noticias\">Santo Domingo, RD 2 marzo.- Con la exhibici\u00f3n de \u00abMi abuelo\u00bb, primer corto criollo seleccionado para el Cannes Film Fest 2012, ser\u00e1 inaugurada la XIV edici\u00f3n de la Muestra Internacional de Cine de Santo Domingo.<\/span><\/p>\n<\/p>\n<p><span class=\"text1noticias\">La muestra se llevar\u00e1 a cabo del 15 al 24 de marzo en las salas del Fine Arts Caribbean Cinemas at Novo-Centro, con un programa de lo mejor de la producci\u00f3n cinematogr\u00e1fica de aproximadamente veinte pa\u00edses.<\/span><\/p>\n<\/p>\n<p><span class=\"text1noticias\">Colombia, pa\u00eds invitado de honor, promete exhibir un conjunto de filmes que reflejar\u00e1 el desarrollo que posee actualmente su cinematograf\u00eda.<\/span><\/p>\n<\/p>\n<p><span class=\"text1noticias\">Los amantes del cine disfrutar\u00e1n de una selecci\u00f3n de filmes que en el \u00faltimo a\u00f1o han obtenido el reconocimiento de la cr\u00edtica, adem\u00e1s de haber participado en importantes festivales de cine por todo el mundo. <\/span><\/p>\n<\/p>\n<p><span class=\"text1noticias\">Novedad<\/span><\/p>\n<\/p>\n<p><span class=\"text1noticias\">Durante el evento se inform\u00f3 sobre la entrega de los \u00abPremios Ciguapa\u00bb, los cuales se otorgar\u00e1n en las categor\u00edas de Mejor pel\u00edcula, director, actor, actriz, fotograf\u00eda, opera prima y el premio del p\u00fablico.<\/span><\/p>\n<\/p>\n<p><span class=\"text1noticias\">Los variados horarios estar\u00e1n disponibles al p\u00fablico tanto en prensa, la web y el stand fijo de la entrega. <\/span><\/p>\n<\/p>\n<p><span class=\"text1noticias\">La XIV Muestra cuenta con el patrocinio oficial de Aceite Mazola, y como copatrocinadores: Orange, Scotiabank, Antena Latina, Hershey&#8217;s, Fine Arts, y el apoyo del Ministerio de Cultura. Para conocer m\u00e1s detalles pueden acceder al portal www.vidamazola.com.do<\/span>.<\/p>\n<h6> 2012-03-02 22:29:47 <\/h6>\n<p><!--\n<link rel=\"stylesheet\" href=\"css\/bootstrap.min.css\">\n\n\n<ul class=\"pagination\">\n\t    \n\t\n\n<li >\n\t<a href='?page_no=17833'>Previous<\/a>\n\t<\/li>\n\n\n       \n    \n\n<li><a href='?page_no=1'>1<\/a><\/li>\n\n\n\n<li><a href='?page_no=2'>2<\/a><\/li>\n\n\n\n<li><a>...<\/a><\/li>\n\n\n\n<li><a href='?page_no=17832'>17832<\/a><\/li>\n\n\n\n<li><a href='?page_no=17833'>17833<\/a><\/li>\n\n\n\n<li class='active'><a>17834<\/a><\/li>\n\n\n\n<li><a href='?page_no=17835'>17835<\/a><\/li>\n\n\n\n<li><a href='?page_no=17836'>17836<\/a><\/li>\n\n\n\n<li><a>...<\/a><\/li>\n\n\n\n<li><a href='?page_no=22911'>22911<\/a><\/li>\n\n\n\n<li><a href='?page_no=22912'>22912<\/a><\/li>\n\n    \n\t\n\n<li >\n\t<a href='?page_no=17835'>Next<\/a>\n\t<\/li>\n\n\n    \n\n<li><a href='?page_no=22912'>Last &rsaquo;&rsaquo;<\/a><\/li>\n\n<\/ul>\n\n\n--><br \/>\n<\/body><\/p>\n","protected":false},"excerpt":{"rendered":"<p>Santo Domingo, RD 2 marzo.- Con la exhibici\u00f3n de \u00abMi abuelo\u00bb, primer corto criollo seleccionado para el Cannes Film Fest 2012, ser\u00e1 inaugurada la XIV edici\u00f3n de la Muestra Internacional de Cine de Santo Domingo. La muestra se llevar\u00e1 a cabo del 15 al 24 de marzo en las salas del Fine Arts Caribbean Cinemas [&hellip;]<\/p>\n","protected":false},"author":3,"featured_media":0,"comment_status":"open","ping_status":"open","sticky":false,"template":"","format":"standard","meta":{"footnotes":""},"categories":[21],"tags":[],"class_list":["post-66156","post","type-post","status-publish","format-standard","hentry","category-cultura"],"_links":{"self":[{"href":"https:\/\/diariodominicano.com\/index.php?rest_route=\/wp\/v2\/posts\/66156","targetHints":{"allow":["GET"]}}],"collection":[{"href":"https:\/\/diariodominicano.com\/index.php?rest_route=\/wp\/v2\/posts"}],"about":[{"href":"https:\/\/diariodominicano.com\/index.php?rest_route=\/wp\/v2\/types\/post"}],"author":[{"embeddable":true,"href":"https:\/\/diariodominicano.com\/index.php?rest_route=\/wp\/v2\/users\/3"}],"replies":[{"embeddable":true,"href":"https:\/\/diariodominicano.com\/index.php?rest_route=%2Fwp%2Fv2%2Fcomments&post=66156"}],"version-history":[{"count":0,"href":"https:\/\/diariodominicano.com\/index.php?rest_route=\/wp\/v2\/posts\/66156\/revisions"}],"wp:attachment":[{"href":"https:\/\/diariodominicano.com\/index.php?rest_route=%2Fwp%2Fv2%2Fmedia&parent=66156"}],"wp:term":[{"taxonomy":"category","embeddable":true,"href":"https:\/\/diariodominicano.com\/index.php?rest_route=%2Fwp%2Fv2%2Fcategories&post=66156"},{"taxonomy":"post_tag","embeddable":true,"href":"https:\/\/diariodominicano.com\/index.php?rest_route=%2Fwp%2Fv2%2Ftags&post=66156"}],"curies":[{"name":"wp","href":"https:\/\/api.w.org\/{rel}","templated":true}]}}