{"id":66155,"date":"2012-03-02T22:32:00","date_gmt":"2012-03-02T22:32:00","guid":{"rendered":"http:\/\/diariodominicano.ddns.net\/?p=66155"},"modified":"2012-03-02T22:32:00","modified_gmt":"2012-03-02T22:32:00","slug":"al-menos-20-paises-seran-representados-en-muestra-de-cine","status":"publish","type":"post","link":"https:\/\/diariodominicano.com\/?p=66155","title":{"rendered":"Al menos 20 pa\u00edses ser\u00e1n representados en muestra de cine"},"content":{"rendered":"<p><body><\/p>\n<p><span class=\"text1noticias\">Santo Domingo, RD 2 marzo.- Los d\u00edas 14 y 15 de marzo se realizar\u00e1 en Fine Arts Cinema Caf\u00e9 at Novo Centro la XIV edici\u00f3n de la Muestra Internacional de Cine de Santo Domingo, la cual tendr\u00e1 como pa\u00eds anfitri\u00f3n a Colombia. El evento contar\u00e1 con el patrocinio oficial de Mazola y estar\u00e1 compuesto por un amplio programa que incluye las m\u00e1s notables pel\u00edculas de veinte pa\u00edses.<\/span><\/p>\n<p><span class=\"text1noticias\"> <\/span><\/p>\n<p><span class=\"text1noticias\">Durante la celebraci\u00f3n de la XIV Muestra del Cine, los interesados disfrutar\u00e1n de una selecci\u00f3n de filmes que en el \u00faltimo a\u00f1o han obtenido el reconocimiento de la cr\u00edtica, adem\u00e1s de haber participado en importantes festivales de cine por todo el mundo.<\/span><\/p>\n<p><span class=\"text1noticias\"> <\/span><\/p>\n<p><span class=\"text1noticias\">Entre las pel\u00edculas a participar figuran: \u00abLa mujer de Iv\u00e1n\u00bb, de Chile; \u00abLa enfermedad del sue\u00f1o\u00bb, de Alemania; \u00abNo habr\u00e1 paz para los malvados\u00bb, de Espa\u00f1a; \u00abRoute Irish\u00bb, del Reino Unido; \u00abSalve\u00bb (\u00abMarham\u00bb), de Ir\u00e1n y \u00abRosita\u00bb, de Polonia.<\/span><\/p>\n<p><span class=\"text1noticias\"> <\/span><\/p>\n<p><span class=\"text1noticias\">Los detalles del evento fueron ofrecidos en una rueda de prensa encabezada por Jos\u00e9 Llano, Gerente de Negocios de MercaSID y la marca Mazola; Joan Patricia Landolfi Coordinadora de la marca Mazola, adem\u00e1s de Lidia Bastos, Luis Jim\u00e9nez , F\u00e9lix Manuel Lora y H\u00e9ctor Moreta representantes del Comit\u00e9 Organizador de la Muestra del Cine.<\/span><\/p>\n<p><span class=\"text1noticias\"> <\/span><\/p>\n<p><span class=\"text1noticias\">\u00abSeguros de la excelente selecci\u00f3n f\u00edlmica de esta entrega, podemos decir que sin duda disfrutaremos de un banquete con lo mejor del cine\u00bb expres\u00f3 Llano, a la vez de agradecer a las marcas Coca-Cola y Novocentro, que junto a Mazola apoyan el evento cultural. A su vez, hizo menci\u00f3n a todo el conjunto de personas que han hecho posible el \u00e9xito de cada entrega, citando de manera muy especial, el recuerdo del fenecido Arturo Rodr\u00edguez Fern\u00e1ndez, cr\u00edtico de cine y director fundador de la Muestra de Cine.<\/span><\/p>\n<p><span class=\"text1noticias\"> <\/span><\/p>\n<p><span class=\"text1noticias\">En la actividad se inform\u00f3 sobre la entrega de los Premios Ciguapa, los cuales se otorgar\u00e1n en las categor\u00edas de Mejor Pel\u00edcula, Director, Actor, Actriz y Fotograf\u00eda y Opera Prima y el Premio del P\u00fablico.<\/span><\/p>\n<p><span class=\"text1noticias\"> <\/span><\/p>\n<p><span class=\"text1noticias\">El cortometraje \u00abMi abuelo\u00bb, del realizador dominicano Albert Xavier, iniciar\u00e1 la referida muestra de cine, mientras la pel\u00edcula de apertura ser\u00e1 \u00abSaluda al Diablo de mi parte\u00bb, producci\u00f3n colombiana protagonizada por Edgar Ram\u00edrez y dirigida por Juan F. y Carlos E. Orozco. Los pa\u00edses representados en esta muestra son: Alemania, Argentina, Brasil, Costa Rica, Cuba, Chile, Dinamarca, Ecuador, Egipto, Espa\u00f1a, Estados Unidos, Ir\u00e1n, Israel, M\u00e9xico, Polonia, Puerto Rico, Reino Unido, Rep\u00fablica Dominicana, Taiwan, Venezuela<\/span>.<\/p>\n<\/p>\n<\/p>\n<h6> 2012-03-02 22:32:00 <\/h6>\n<p><!--\n<link rel=\"stylesheet\" href=\"css\/bootstrap.min.css\">\n\n\n<ul class=\"pagination\">\n\t    \n\t\n\n<li >\n\t<a href='?page_no=17832'>Previous<\/a>\n\t<\/li>\n\n\n       \n    \n\n<li><a href='?page_no=1'>1<\/a><\/li>\n\n\n\n<li><a href='?page_no=2'>2<\/a><\/li>\n\n\n\n<li><a>...<\/a><\/li>\n\n\n\n<li><a href='?page_no=17831'>17831<\/a><\/li>\n\n\n\n<li><a href='?page_no=17832'>17832<\/a><\/li>\n\n\n\n<li class='active'><a>17833<\/a><\/li>\n\n\n\n<li><a href='?page_no=17834'>17834<\/a><\/li>\n\n\n\n<li><a href='?page_no=17835'>17835<\/a><\/li>\n\n\n\n<li><a>...<\/a><\/li>\n\n\n\n<li><a href='?page_no=22911'>22911<\/a><\/li>\n\n\n\n<li><a href='?page_no=22912'>22912<\/a><\/li>\n\n    \n\t\n\n<li >\n\t<a href='?page_no=17834'>Next<\/a>\n\t<\/li>\n\n\n    \n\n<li><a href='?page_no=22912'>Last &rsaquo;&rsaquo;<\/a><\/li>\n\n<\/ul>\n\n\n--><br \/>\n<\/body><\/p>\n","protected":false},"excerpt":{"rendered":"<p>Santo Domingo, RD 2 marzo.- Los d\u00edas 14 y 15 de marzo se realizar\u00e1 en Fine Arts Cinema Caf\u00e9 at Novo Centro la XIV edici\u00f3n de la Muestra Internacional de Cine de Santo Domingo, la cual tendr\u00e1 como pa\u00eds anfitri\u00f3n a Colombia. El evento contar\u00e1 con el patrocinio oficial de Mazola y estar\u00e1 compuesto por [&hellip;]<\/p>\n","protected":false},"author":3,"featured_media":0,"comment_status":"open","ping_status":"open","sticky":false,"template":"","format":"standard","meta":{"footnotes":""},"categories":[21],"tags":[],"class_list":["post-66155","post","type-post","status-publish","format-standard","hentry","category-cultura"],"_links":{"self":[{"href":"https:\/\/diariodominicano.com\/index.php?rest_route=\/wp\/v2\/posts\/66155","targetHints":{"allow":["GET"]}}],"collection":[{"href":"https:\/\/diariodominicano.com\/index.php?rest_route=\/wp\/v2\/posts"}],"about":[{"href":"https:\/\/diariodominicano.com\/index.php?rest_route=\/wp\/v2\/types\/post"}],"author":[{"embeddable":true,"href":"https:\/\/diariodominicano.com\/index.php?rest_route=\/wp\/v2\/users\/3"}],"replies":[{"embeddable":true,"href":"https:\/\/diariodominicano.com\/index.php?rest_route=%2Fwp%2Fv2%2Fcomments&post=66155"}],"version-history":[{"count":0,"href":"https:\/\/diariodominicano.com\/index.php?rest_route=\/wp\/v2\/posts\/66155\/revisions"}],"wp:attachment":[{"href":"https:\/\/diariodominicano.com\/index.php?rest_route=%2Fwp%2Fv2%2Fmedia&parent=66155"}],"wp:term":[{"taxonomy":"category","embeddable":true,"href":"https:\/\/diariodominicano.com\/index.php?rest_route=%2Fwp%2Fv2%2Fcategories&post=66155"},{"taxonomy":"post_tag","embeddable":true,"href":"https:\/\/diariodominicano.com\/index.php?rest_route=%2Fwp%2Fv2%2Ftags&post=66155"}],"curies":[{"name":"wp","href":"https:\/\/api.w.org\/{rel}","templated":true}]}}