{"id":661549,"date":"2026-01-22T02:16:31","date_gmt":"2026-01-22T06:16:31","guid":{"rendered":"https:\/\/diariodominicano.com\/?p=661549"},"modified":"2026-01-22T19:08:32","modified_gmt":"2026-01-22T23:08:32","slug":"trump-reitera-intencion-de-adquirir-groenlandia-y-critica-a-europa-y-otan-en-davos","status":"publish","type":"post","link":"https:\/\/diariodominicano.com\/?p=661549","title":{"rendered":"Trump reitera intenci\u00f3n de adquirir Groenlandia y critica a Europa y OTAN en Davos"},"content":{"rendered":"\n<p><em>spanish.news.cn<\/em>|<em>&nbsp;2026-01-22 02:32:45<\/em>|<\/p>\n\n\n\n<p>DAVOS, Suiza, 21 ene (Xinhua) &#8212; El presidente de Estados Unidos, Donald Trump, reiter\u00f3 hoy mi\u00e9rcoles la intenci\u00f3n de Estados Unidos de adquirir Groenlandia y lanz\u00f3 duras cr\u00edticas hacia Europa y la Organizaci\u00f3n del Tratado del Atl\u00e1ntico Norte (OTAN) en un discurso especial pronunciado en la reuni\u00f3n anual del Foro Econ\u00f3mico Mundial realizada en Davos, Suiza, lo que agrava las tensiones en los lazos transatl\u00e1nticos.<\/p>\n\n\n\n<p>Trump dijo que Europa \u00abno va en la direcci\u00f3n correcta\u00bb y argument\u00f3 que partes del continente \u00abse han vuelto incluso irreconocibles\u00bb de forma \u00abmuy negativa\u00bb.<\/p>\n\n\n\n<p>En su discurso, Trump volvi\u00f3 a criticar las pol\u00edticas migratorias de Europa y reiter\u00f3 su oposici\u00f3n a las pol\u00edticas de la agenda verde, a las que calific\u00f3 otra vez como \u00abNueva Estafa Verde\u00bb.<\/p>\n\n\n\n<p>Tambi\u00e9n defendi\u00f3 la ampliaci\u00f3n de la producci\u00f3n de combustibles f\u00f3siles y la aceleraci\u00f3n de las aprobaciones de nuevos proyectos de energ\u00eda nuclear, al se\u00f1alar que la situaci\u00f3n energ\u00e9tica de Europa ha alcanzado niveles \u00abcatastr\u00f3ficos\u00bb, caracterizados por precios elevados y suministros bajos.<\/p>\n\n\n\n<p>En cuanto a Groenlandia, Trump pidi\u00f3 \u00abnegociaciones inmediatas\u00bb sobre la adquisici\u00f3n del territorio por parte de Estados Unidos, y describi\u00f3 la isla como \u00abun inter\u00e9s estrat\u00e9gico de seguridad nacional e internacional\u00bb.<\/p>\n\n\n\n<p>Trump descart\u00f3 p\u00fablicamente apoderarse de Groenlandia utilizando fuerza militar y dijo que no pretende recurrir a \u00abuna fuerza excesiva\u00bb, adem\u00e1s de insistir en que Estados Unidos est\u00e1 posicionado de forma \u00fanica para proteger el territorio.<\/p>\n\n\n\n<p>\u00abNo tengo que utilizar la fuerza. No deseo utilizar la fuerza, no usar\u00e9 la fuerza. Todo lo que Estados Unidos est\u00e1 pidiendo es un lugar llamado Groenlandia\u00bb, dijo.<\/p>\n\n\n\n<p>Trump tambi\u00e9n critic\u00f3 la forma en la que se reparte la carga en la OTAN, e indic\u00f3 que Estados Unidos ha sido tratado \u00abde forma muy injusta\u00bb y que durante mucho tiempo ha aportado m\u00e1s a la alianza que sus socios. Adem\u00e1s, presion\u00f3 a los miembros de la OTAN para que acepten la adquisici\u00f3n estadounidense de Groenlandia, territorio aut\u00f3nomo de Dinamarca.<\/p>\n\n\n\n<p>\u00abEn mi opini\u00f3n, pagamos por el cien por ciento de la OTAN porque ellos no estaban pagando su parte, y todo lo que estamos pidiendo es conseguir Groenlandia, incluyendo el t\u00edtulo correcto de propiedad, porque uno necesita la propiedad para defenderla\u00bb, dijo.<\/p>\n\n\n\n<p><a href=\"https:\/\/www.facebook.com\/sharer\/sharer.php?u=https:\/\/spanish.xinhuanet.com\/20260122\/ece957bff9ac4f24871858ec1a0ef2e1\/c.html\" target=\"_blank\" rel=\"noreferrer noopener\"><\/a>&nbsp;<a href=\"https:\/\/twitter.com\/intent\/tweet?text=Trump%20reitera%20intenci%C3%B3n%20de%20adquirir%20Groenlandia%20y%20critica%20a%20Europa%20y%20OTAN%20en%20Davos&amp;url=https:\/\/spanish.xinhuanet.com\/20260122\/ece957bff9ac4f24871858ec1a0ef2e1\/c.html\" target=\"_blank\" rel=\"noreferrer noopener\"><\/a>&nbsp;<a target=\"_blank\" href=\"https:\/\/service.weibo.com\/share\/share.php?title=Trump%20reitera%20intenci%C3%B3n%20de%20adquirir%20Groenlandia%20y%20critica%20a%20Europa%20y%20OTAN%20en%20Davos&amp;url=https:\/\/spanish.xinhuanet.com\/20260122\/ece957bff9ac4f24871858ec1a0ef2e1\/c.html\" rel=\"noreferrer noopener\"><\/a>&nbsp;<a><\/a><\/p>\n\n\n\n<figure class=\"wp-block-image\"><img decoding=\"async\" src=\"https:\/\/imgs.news.cn\/res\/xhwimg\/spanish\/20170522\/img\/jc-xfa.png\" alt=\"\"\/><\/figure>\n","protected":false},"excerpt":{"rendered":"<p>spanish.news.cn|&nbsp;2026-01-22 02:32:45| DAVOS, Suiza, 21 ene (Xinhua) &#8212; El presidente de Estados Unidos, Donald Trump, reiter\u00f3 hoy mi\u00e9rcoles la intenci\u00f3n de Estados Unidos de adquirir Groenlandia y lanz\u00f3 duras cr\u00edticas hacia Europa y la Organizaci\u00f3n del Tratado del Atl\u00e1ntico Norte (OTAN) en un discurso especial pronunciado en la reuni\u00f3n anual del Foro Econ\u00f3mico Mundial realizada [&hellip;]<\/p>\n","protected":false},"author":2,"featured_media":656998,"comment_status":"closed","ping_status":"closed","sticky":false,"template":"","format":"standard","meta":{"footnotes":""},"categories":[23,27],"tags":[4062,832,3588,4017],"class_list":["post-661549","post","type-post","status-publish","format-standard","has-post-thumbnail","hentry","category-internacional","category-portada","tag-davos","tag-donald-trump","tag-europa","tag-otan"],"_links":{"self":[{"href":"https:\/\/diariodominicano.com\/index.php?rest_route=\/wp\/v2\/posts\/661549","targetHints":{"allow":["GET"]}}],"collection":[{"href":"https:\/\/diariodominicano.com\/index.php?rest_route=\/wp\/v2\/posts"}],"about":[{"href":"https:\/\/diariodominicano.com\/index.php?rest_route=\/wp\/v2\/types\/post"}],"author":[{"embeddable":true,"href":"https:\/\/diariodominicano.com\/index.php?rest_route=\/wp\/v2\/users\/2"}],"replies":[{"embeddable":true,"href":"https:\/\/diariodominicano.com\/index.php?rest_route=%2Fwp%2Fv2%2Fcomments&post=661549"}],"version-history":[{"count":1,"href":"https:\/\/diariodominicano.com\/index.php?rest_route=\/wp\/v2\/posts\/661549\/revisions"}],"predecessor-version":[{"id":661550,"href":"https:\/\/diariodominicano.com\/index.php?rest_route=\/wp\/v2\/posts\/661549\/revisions\/661550"}],"wp:featuredmedia":[{"embeddable":true,"href":"https:\/\/diariodominicano.com\/index.php?rest_route=\/wp\/v2\/media\/656998"}],"wp:attachment":[{"href":"https:\/\/diariodominicano.com\/index.php?rest_route=%2Fwp%2Fv2%2Fmedia&parent=661549"}],"wp:term":[{"taxonomy":"category","embeddable":true,"href":"https:\/\/diariodominicano.com\/index.php?rest_route=%2Fwp%2Fv2%2Fcategories&post=661549"},{"taxonomy":"post_tag","embeddable":true,"href":"https:\/\/diariodominicano.com\/index.php?rest_route=%2Fwp%2Fv2%2Ftags&post=661549"}],"curies":[{"name":"wp","href":"https:\/\/api.w.org\/{rel}","templated":true}]}}