{"id":66154,"date":"2012-03-03T14:16:37","date_gmt":"2012-03-03T14:16:37","guid":{"rendered":"http:\/\/diariodominicano.ddns.net\/?p=66154"},"modified":"2012-03-03T14:16:37","modified_gmt":"2012-03-03T14:16:37","slug":"se-han-leido-256-horas-continuas-en-segundo-maraton-de-lectura","status":"publish","type":"post","link":"https:\/\/diariodominicano.com\/?p=66154","title":{"rendered":"Se han le\u00eddo 256 horas continuas en Segundo Marat\u00f3n de Lectura"},"content":{"rendered":"<p><body><\/p>\n<p><span class=\"text1noticias\">Santo Domingo, RD 3 marzo.- Unos 239 j\u00f3venes de siete provincias de las regiones Sur y Suroeste del pa\u00eds completaron este viernes 256 horas de lectura ininterrumpida, en la continuaci\u00f3n del Segundo Marat\u00f3n Juvenil de Lectura \u00abPor amor a Dios y la Patria\u00bb, que auspicia el Ministerio de la Juventud.<\/span><\/p>\n<\/p>\n<p><span class=\"text1noticias\">Los detalles fueron ofrecidos por el ministro de la Juventud, Franklin Rodr\u00edguez, en el segundo bolet\u00edn del marat\u00f3n ofrecido en la provincia Azua, donde estuvo acompa\u00f1ado del senador Rafael Calder\u00f3n y del alcalde Rafael Hidalgo.<\/span><\/p>\n<\/p>\n<p><span class=\"text1noticias\">Unos 930 j\u00f3venes de todos los municipios del pa\u00eds persiguen establecer un r\u00e9cord leyendo mil horas en voz alta y dejar constituidos los c\u00edrculos juveniles de lectura a nivel nacional.<\/span><\/p>\n<\/p>\n<p><span class=\"text1noticias\">Hasta anoche hab\u00edan le\u00eddo 40 municipios de las provincias Pedernales, Barahona, Independencia, Bahoruco, El\u00edas Pi\u00f1a, San Juan y Azua.<\/span><\/p>\n<\/p>\n<p><span class=\"text1noticias\">\u00abEs elogiable el talento de cada uno de los j\u00f3venes que han participado en el marco de este marat\u00f3n, quienes se han sentido motivados a demostrar al pueblo que en la Rep\u00fablica Dominicana los mejores son m\u00e1s que los peores\u00bb, expres\u00f3 Rodr\u00edguez durante su intervenci\u00f3n en la rueda de prensa.<\/span><\/p>\n<\/p>\n<p><span class=\"text1noticias\">De su lado, Calder\u00f3n destac\u00f3 el aporte que hace este marat\u00f3n a la sociedad y felicit\u00f3 a Rodr\u00edguez por la gesti\u00f3n realizada a favor de los j\u00f3venes dominicanos.<\/span><\/p>\n<\/p>\n<p><span class=\"text1noticias\">\u00abEn el mundo moderno la competitividad, la generaci\u00f3n de empleos de calidad y el avance del desarrollo del pa\u00eds, se generan hoy, a diferencia de a\u00f1os anteriores, a trav\u00e9s del conocimiento de la tecnolog\u00eda y de la informaci\u00f3n. Y esta iniciativa est\u00e1 orientada a incrementar la vocaci\u00f3n por la lectura, por la investigaci\u00f3n y el conocimiento\u00bb, dijo.<\/span><\/p>\n<\/p>\n<p><span class=\"text1noticias\">La proeza, iniciada hace once d\u00edas, ha recorrido los municipios Oviedo, Enriquillo, La Ci\u00e9naga, Polo, Para\u00edso, Las Salinas, Cabral, Fundaci\u00f3n, Pe\u00f1\u00f3n, Jaquimelles, Santa Cruz, Vicente Noble, Santa Cruz, Crist\u00f3bal, Mella, Duverg\u00e9, Postrer R\u00edo, La Descubierta, Jiman\u00ed, Los R\u00edos, Jaragua, Tamayo, Galv\u00e1n, Neyba y Hondo Valle; Tambi\u00e9n Juan Santiago, Banica, El Llano, Comendador, Las Matas de Farf\u00e1n, El Cercado, Vallejuelo, Bohech\u00edo, Juan de Herrera, San Juan de la Maguana, Las Yayas de Majaya y Tabara Arriba.<\/span><\/p>\n<\/p>\n<p><span class=\"text1noticias\">Transmisi\u00f3n<\/span><\/p>\n<p><span class=\"text1noticias\">El Marat\u00f3n Juvenil de Lectura se est\u00e1 transmitiendo por la p\u00e1gina oficial del Ministerio de la Juventud, www.juventud.gob.do y en cada municipio se est\u00e1 leyendo un tiempo de seis horas y 27 minutos, distribuido en una hora y cuatro minutos para cada joven.<\/span><\/p>\n<\/p>\n<p><span class=\"text1noticias\">Los representantes de los municipios que realizan la lectura fueron escogidos por las iglesias, cat\u00f3lica, adventista y evang\u00e9lica, a trav\u00e9s de Codue Juvenil y el Ministerio de Educaci\u00f3n<\/span>.<\/p>\n<\/p>\n<h6> 2012-03-03 14:16:37 <\/h6>\n<p><!--\n<link rel=\"stylesheet\" href=\"css\/bootstrap.min.css\">\n\n\n<ul class=\"pagination\">\n\t    \n\t\n\n<li >\n\t<a href='?page_no=17831'>Previous<\/a>\n\t<\/li>\n\n\n       \n    \n\n<li><a href='?page_no=1'>1<\/a><\/li>\n\n\n\n<li><a href='?page_no=2'>2<\/a><\/li>\n\n\n\n<li><a>...<\/a><\/li>\n\n\n\n<li><a href='?page_no=17830'>17830<\/a><\/li>\n\n\n\n<li><a href='?page_no=17831'>17831<\/a><\/li>\n\n\n\n<li class='active'><a>17832<\/a><\/li>\n\n\n\n<li><a href='?page_no=17833'>17833<\/a><\/li>\n\n\n\n<li><a href='?page_no=17834'>17834<\/a><\/li>\n\n\n\n<li><a>...<\/a><\/li>\n\n\n\n<li><a href='?page_no=22911'>22911<\/a><\/li>\n\n\n\n<li><a href='?page_no=22912'>22912<\/a><\/li>\n\n    \n\t\n\n<li >\n\t<a href='?page_no=17833'>Next<\/a>\n\t<\/li>\n\n\n    \n\n<li><a href='?page_no=22912'>Last &rsaquo;&rsaquo;<\/a><\/li>\n\n<\/ul>\n\n\n--><br \/>\n<\/body><\/p>\n","protected":false},"excerpt":{"rendered":"<p>Santo Domingo, RD 3 marzo.- Unos 239 j\u00f3venes de siete provincias de las regiones Sur y Suroeste del pa\u00eds completaron este viernes 256 horas de lectura ininterrumpida, en la continuaci\u00f3n del Segundo Marat\u00f3n Juvenil de Lectura \u00abPor amor a Dios y la Patria\u00bb, que auspicia el Ministerio de la Juventud. Los detalles fueron ofrecidos por [&hellip;]<\/p>\n","protected":false},"author":3,"featured_media":0,"comment_status":"open","ping_status":"open","sticky":false,"template":"","format":"standard","meta":{"footnotes":""},"categories":[21],"tags":[],"class_list":["post-66154","post","type-post","status-publish","format-standard","hentry","category-cultura"],"_links":{"self":[{"href":"https:\/\/diariodominicano.com\/index.php?rest_route=\/wp\/v2\/posts\/66154","targetHints":{"allow":["GET"]}}],"collection":[{"href":"https:\/\/diariodominicano.com\/index.php?rest_route=\/wp\/v2\/posts"}],"about":[{"href":"https:\/\/diariodominicano.com\/index.php?rest_route=\/wp\/v2\/types\/post"}],"author":[{"embeddable":true,"href":"https:\/\/diariodominicano.com\/index.php?rest_route=\/wp\/v2\/users\/3"}],"replies":[{"embeddable":true,"href":"https:\/\/diariodominicano.com\/index.php?rest_route=%2Fwp%2Fv2%2Fcomments&post=66154"}],"version-history":[{"count":0,"href":"https:\/\/diariodominicano.com\/index.php?rest_route=\/wp\/v2\/posts\/66154\/revisions"}],"wp:attachment":[{"href":"https:\/\/diariodominicano.com\/index.php?rest_route=%2Fwp%2Fv2%2Fmedia&parent=66154"}],"wp:term":[{"taxonomy":"category","embeddable":true,"href":"https:\/\/diariodominicano.com\/index.php?rest_route=%2Fwp%2Fv2%2Fcategories&post=66154"},{"taxonomy":"post_tag","embeddable":true,"href":"https:\/\/diariodominicano.com\/index.php?rest_route=%2Fwp%2Fv2%2Ftags&post=66154"}],"curies":[{"name":"wp","href":"https:\/\/api.w.org\/{rel}","templated":true}]}}