{"id":661539,"date":"2026-01-22T01:54:27","date_gmt":"2026-01-22T05:54:27","guid":{"rendered":"https:\/\/diariodominicano.com\/?p=661539"},"modified":"2026-01-22T19:06:16","modified_gmt":"2026-01-22T23:06:16","slug":"china-reafirma-compromiso-con-sistema-internacional-centrado-en-onu","status":"publish","type":"post","link":"https:\/\/diariodominicano.com\/?p=661539","title":{"rendered":"China reafirma compromiso con sistema internacional centrado en ONU"},"content":{"rendered":"\n<p>Guo Jiakun<\/p>\n\n\n\n<p>Beijing, 21 ene (Prensa Latina) La Canciller\u00eda china reiter\u00f3 hoy su compromiso inquebrantable con el sistema internacional centrado en la ONU, tras pregunt\u00e1rsele sobre la \u00abComisi\u00f3n de la Paz\u00bb promovida por el presidente estadounidense, Donald Trump.<\/p>\n\n\n\n<p><a href=\"https:\/\/www.prensa-latina.cu\/2026\/01\/21\/\"><time>enero 21, 2026 | 08:4<\/time><\/a>  <\/p>\n\n\n\n<p>El portavoz Guo Jiakun se\u00f1al\u00f3 que Beijing \u201csiempre practica un multilateralismo genuino\u201d y defiende \u201cel orden internacional basado en el derecho internacional y los prop\u00f3sitos y principios de la Carta de la ONU\u201d.<\/p>\n\n\n\n<p>Ante otra consulta sobre la seguridad en Asia, el vocero subray\u00f3 que la regi\u00f3n es un \u201cpolo global de desarrollo y prosperidad\u201d cuya estabilidad debe preservarse mediante el di\u00e1logo y el respeto a la soberan\u00eda.<\/p>\n\n\n\n<p>\u201cChina no busca zonas de influencia ni rivalidades geopol\u00edticas en su entorno\u201d, afirm\u00f3, y reiter\u00f3 el compromiso con una \u201ccomunidad de destino com\u00fan\u201d en Asia.<\/p>\n\n\n\n<p>Guo apunt\u00f3 que su pa\u00eds promueve una visi\u00f3n de seguridad \u201ccom\u00fan, integral, cooperativa y sostenible\u201d, en l\u00ednea con la Iniciativa Global de Seguridad lanzada por Beijing.<\/p>\n\n\n\n<p>La administraci\u00f3n del presidente estadounidense Donald Trump anunci\u00f3 el 20 de enero la creaci\u00f3n de la llamada \u201cComisi\u00f3n de la Paz\u201d, sugiriendo que podr\u00eda reemplazar a la ONU, instituci\u00f3n que ha sido pilar del orden multilateral desde 1945.<\/p>\n\n\n\n<p>Sobre esta iniciativa, la Canciller\u00eda china confirm\u00f3 la v\u00edspera que hab\u00eda recibido la invitaci\u00f3n de Washington para unirse, sin ofrecer m\u00e1s detalles.<\/p>\n\n\n\n<p>mem\/idm<\/p>\n","protected":false},"excerpt":{"rendered":"<p>Guo Jiakun Beijing, 21 ene (Prensa Latina) La Canciller\u00eda china reiter\u00f3 hoy su compromiso inquebrantable con el sistema internacional centrado en la ONU, tras pregunt\u00e1rsele sobre la \u00abComisi\u00f3n de la Paz\u00bb promovida por el presidente estadounidense, Donald Trump. enero 21, 2026 | 08:4 El portavoz Guo Jiakun se\u00f1al\u00f3 que Beijing \u201csiempre practica un multilateralismo genuino\u201d [&hellip;]<\/p>\n","protected":false},"author":2,"featured_media":661540,"comment_status":"closed","ping_status":"closed","sticky":false,"template":"","format":"standard","meta":{"footnotes":""},"categories":[23,27],"tags":[1388,292],"class_list":["post-661539","post","type-post","status-publish","format-standard","has-post-thumbnail","hentry","category-internacional","category-portada","tag-china","tag-onu"],"_links":{"self":[{"href":"https:\/\/diariodominicano.com\/index.php?rest_route=\/wp\/v2\/posts\/661539","targetHints":{"allow":["GET"]}}],"collection":[{"href":"https:\/\/diariodominicano.com\/index.php?rest_route=\/wp\/v2\/posts"}],"about":[{"href":"https:\/\/diariodominicano.com\/index.php?rest_route=\/wp\/v2\/types\/post"}],"author":[{"embeddable":true,"href":"https:\/\/diariodominicano.com\/index.php?rest_route=\/wp\/v2\/users\/2"}],"replies":[{"embeddable":true,"href":"https:\/\/diariodominicano.com\/index.php?rest_route=%2Fwp%2Fv2%2Fcomments&post=661539"}],"version-history":[{"count":2,"href":"https:\/\/diariodominicano.com\/index.php?rest_route=\/wp\/v2\/posts\/661539\/revisions"}],"predecessor-version":[{"id":661620,"href":"https:\/\/diariodominicano.com\/index.php?rest_route=\/wp\/v2\/posts\/661539\/revisions\/661620"}],"wp:featuredmedia":[{"embeddable":true,"href":"https:\/\/diariodominicano.com\/index.php?rest_route=\/wp\/v2\/media\/661540"}],"wp:attachment":[{"href":"https:\/\/diariodominicano.com\/index.php?rest_route=%2Fwp%2Fv2%2Fmedia&parent=661539"}],"wp:term":[{"taxonomy":"category","embeddable":true,"href":"https:\/\/diariodominicano.com\/index.php?rest_route=%2Fwp%2Fv2%2Fcategories&post=661539"},{"taxonomy":"post_tag","embeddable":true,"href":"https:\/\/diariodominicano.com\/index.php?rest_route=%2Fwp%2Fv2%2Ftags&post=661539"}],"curies":[{"name":"wp","href":"https:\/\/api.w.org\/{rel}","templated":true}]}}