{"id":66153,"date":"2012-03-03T14:32:15","date_gmt":"2012-03-03T14:32:15","guid":{"rendered":"http:\/\/diariodominicano.ddns.net\/?p=66153"},"modified":"2012-03-03T14:32:15","modified_gmt":"2012-03-03T14:32:15","slug":"mirandote-bailar-una-pieza-entre-las-letras-y-la-danza","status":"publish","type":"post","link":"https:\/\/diariodominicano.com\/?p=66153","title":{"rendered":"&#13;\u00bbMir\u00e1ndote bailar\u00bb ;Una pieza entre las letras y la danza"},"content":{"rendered":"<p><body><\/p>\n<p><span class=\"text1noticias\">Santo Domingo, RD 3 marzo.- \u00abMir\u00e1ndote bailar\u00bb, cantatas y partituras para amantes y duendes es el t\u00edtulo del nuevo poemario que pondr\u00e1 a circular el escritor y pol\u00edtico Tony Raful.<\/span><\/p>\n<\/p>\n<p><span class=\"text1noticias\">El escenario escogido para la presentaci\u00f3n de esta obra po\u00e9tica, es la sala M\u00e1ximo Avil\u00e9s Blonda del Palacio de Bellas Artes. En el lugar no se presentar\u00e1 un acto tradicional para ocasiones como esta, sino que se ofrecer\u00e1 un espect\u00e1culo art\u00edstico de m\u00fasica, danza y ballet dirigido por Giovanni Cruz y que cuenta con la actuaci\u00f3n de Karolina Becker.<\/span><\/p>\n<\/p>\n<p><span class=\"text1noticias\">Cuando las manecillas del reloj marquen las ocho de la noche de esta noche, el insigne representante de la generaci\u00f3n de Post-guerra compartir\u00e1 con todos los presentes una publicaci\u00f3n m\u00e1s.<\/span><\/p>\n<\/p>\n<p><span class=\"text1noticias\">\u00abMir\u00e1ndote bailar\u00bb, tal como lo ha expresado el autor es un canto a una bailarina de ballet cl\u00e1sico que hace un poeta, en su observaci\u00f3n de la danza y que le permiti\u00f3  componer un gran pliego de im\u00e1genes literarias, de met\u00e1foras y de versos<\/span>.<\/p>\n<h6> 2012-03-03 14:32:15 <\/h6>\n<p><!--\n<link rel=\"stylesheet\" href=\"css\/bootstrap.min.css\">\n\n\n<ul class=\"pagination\">\n\t    \n\t\n\n<li >\n\t<a href='?page_no=17830'>Previous<\/a>\n\t<\/li>\n\n\n       \n    \n\n<li><a href='?page_no=1'>1<\/a><\/li>\n\n\n\n<li><a href='?page_no=2'>2<\/a><\/li>\n\n\n\n<li><a>...<\/a><\/li>\n\n\n\n<li><a href='?page_no=17829'>17829<\/a><\/li>\n\n\n\n<li><a href='?page_no=17830'>17830<\/a><\/li>\n\n\n\n<li class='active'><a>17831<\/a><\/li>\n\n\n\n<li><a href='?page_no=17832'>17832<\/a><\/li>\n\n\n\n<li><a href='?page_no=17833'>17833<\/a><\/li>\n\n\n\n<li><a>...<\/a><\/li>\n\n\n\n<li><a href='?page_no=22911'>22911<\/a><\/li>\n\n\n\n<li><a href='?page_no=22912'>22912<\/a><\/li>\n\n    \n\t\n\n<li >\n\t<a href='?page_no=17832'>Next<\/a>\n\t<\/li>\n\n\n    \n\n<li><a href='?page_no=22912'>Last &rsaquo;&rsaquo;<\/a><\/li>\n\n<\/ul>\n\n\n--><br \/>\n<\/body><\/p>\n","protected":false},"excerpt":{"rendered":"<p>Santo Domingo, RD 3 marzo.- \u00abMir\u00e1ndote bailar\u00bb, cantatas y partituras para amantes y duendes es el t\u00edtulo del nuevo poemario que pondr\u00e1 a circular el escritor y pol\u00edtico Tony Raful. El escenario escogido para la presentaci\u00f3n de esta obra po\u00e9tica, es la sala M\u00e1ximo Avil\u00e9s Blonda del Palacio de Bellas Artes. En el lugar no [&hellip;]<\/p>\n","protected":false},"author":3,"featured_media":0,"comment_status":"open","ping_status":"open","sticky":false,"template":"","format":"standard","meta":{"footnotes":""},"categories":[21],"tags":[],"class_list":["post-66153","post","type-post","status-publish","format-standard","hentry","category-cultura"],"_links":{"self":[{"href":"https:\/\/diariodominicano.com\/index.php?rest_route=\/wp\/v2\/posts\/66153","targetHints":{"allow":["GET"]}}],"collection":[{"href":"https:\/\/diariodominicano.com\/index.php?rest_route=\/wp\/v2\/posts"}],"about":[{"href":"https:\/\/diariodominicano.com\/index.php?rest_route=\/wp\/v2\/types\/post"}],"author":[{"embeddable":true,"href":"https:\/\/diariodominicano.com\/index.php?rest_route=\/wp\/v2\/users\/3"}],"replies":[{"embeddable":true,"href":"https:\/\/diariodominicano.com\/index.php?rest_route=%2Fwp%2Fv2%2Fcomments&post=66153"}],"version-history":[{"count":0,"href":"https:\/\/diariodominicano.com\/index.php?rest_route=\/wp\/v2\/posts\/66153\/revisions"}],"wp:attachment":[{"href":"https:\/\/diariodominicano.com\/index.php?rest_route=%2Fwp%2Fv2%2Fmedia&parent=66153"}],"wp:term":[{"taxonomy":"category","embeddable":true,"href":"https:\/\/diariodominicano.com\/index.php?rest_route=%2Fwp%2Fv2%2Fcategories&post=66153"},{"taxonomy":"post_tag","embeddable":true,"href":"https:\/\/diariodominicano.com\/index.php?rest_route=%2Fwp%2Fv2%2Ftags&post=66153"}],"curies":[{"name":"wp","href":"https:\/\/api.w.org\/{rel}","templated":true}]}}