{"id":66152,"date":"2012-03-03T15:42:00","date_gmt":"2012-03-03T15:42:00","guid":{"rendered":"http:\/\/diariodominicano.ddns.net\/?p=66152"},"modified":"2012-03-03T15:42:00","modified_gmt":"2012-03-03T15:42:00","slug":"mas-de-100-comparsas-participaran-manana-en-el-desfile-de-carnaval","status":"publish","type":"post","link":"https:\/\/diariodominicano.com\/?p=66152","title":{"rendered":"M\u00e1s de 100 comparsas participar\u00e1n ma\u00f1ana en el Desfile de Carnaval"},"content":{"rendered":"<p><body><\/p>\n<p><span class=\"text1noticias\">Santo Domingo, RD 3 marzo.- El desfile Nacional del Carnaval que se realizar\u00e1 ma\u00f1ana en el Malec\u00f3n reunir\u00e1 a m\u00e1s de 100 comparsas, seg\u00fan el Ministerio de Cultura, instituci\u00f3n que lo organiza con el auspicio de la Cerveza Presidente.<\/span><\/p>\n<\/p>\n<p><span class=\"text1noticias\">Este a\u00f1o el carnaval dominicano se dedica este a\u00f1o al carnaval Vegano y tendr\u00e1 como Rey al merenguero Sergio Vargas y como Reina a la reconocida carnavalera sanjuanera Hanoi S\u00e1nchez.<\/span><\/p>\n<\/p>\n<p><span class=\"text1noticias\">Comparsas y carrozas, provenientes de los distintos municipios de Santo Domingo y el Distrito Nacional, y de unas 30 provincias, participar\u00e1n este domingo.<\/span><\/p>\n<\/p>\n<p><span class=\"text1noticias\">El m\u00e1ximo evento del carnaval dominicano se dedica este a\u00f1o al carnaval de La Vega, y rendir\u00e1 homenaje a la fenecida folklorista Nereyda Rodr\u00edguez, en atenci\u00f3n a su afanoso trabajo en la difusi\u00f3n y propulsi\u00f3n de nuestras tradiciones en la infancia y juventud dominicana.<\/span><\/p>\n<\/p>\n<p><span class=\"text1noticias\">La Reina del Desfile lo ser\u00e1 la carnavalera de San Juan de la Maguana Hanoi S\u00e1nchez, alcaldesa de esa localidad, quien siempre ha estado vinculada a las manifestaciones culturales de su pueblo, dirigiendo la comparsa <\/span><\/p>\n<\/p>\n<p><span class=\"text1noticias\">El Desfile se iniciar\u00e1 a las 3 de la tarde.<\/span><\/p>\n<\/p>\n<p><span class=\"text1noticias\">El primer bloque del Desfile comprender\u00e1 a las Bandas de M\u00fasica de la Marina de Guerra y el Cuerpo de Bomberos del Distrito Nacional, a quienes seguir\u00e1 la carroza del Ministerio de Cultura, llevando al Rey y a la Reina del desfile.<\/span><\/p>\n<\/p>\n<p><span class=\"text1noticias\">Luego, entra al desfile una gran comparsa en Homenaje a Nereyda Rodr\u00edguez, para dar paso de inmediato a las comparsas internacionales invitadas de Taiw\u00e1n, Curazao, Colombia y Hait\u00ed.<\/span><\/p>\n<\/p>\n<p><span class=\"text1noticias\">A estas, le seguir\u00e1n la carroza del Ministerio de Turismo y la Gran Gala de Carnaval, de Vitico Erarte. Entonces desfilar\u00e1 La Vega, provincia a quien est\u00e1 dedicado el Desfile, quien trae una delegaci\u00f3n de m\u00e1s de 500 carnavaleros.<\/span><\/p>\n<\/p>\n<p><span class=\"text1noticias\">Como cierre del bloque inicial desfilar\u00e1 el reconocido carnavalero de Cotu\u00ed, Juampa, con la propuesta \u00abEn la \u00f3rbita del papel\u00fa\u00bb, para continuar con las 50 comparsas finalistas del Reality Show \u00abVive el Carnaval de Noche y de D\u00eda\u00bb. Luego se dar\u00e1 paso a las comparsas de las 30 provincias del pa\u00eds y el Gran Santo Domingo en las que queda plasmada la creatividad<\/span>.<\/p>\n<\/p>\n<\/p>\n<h6> 2012-03-03 15:42:00 <\/h6>\n<p><!--\n<link rel=\"stylesheet\" href=\"css\/bootstrap.min.css\">\n\n\n<ul class=\"pagination\">\n\t    \n\t\n\n<li >\n\t<a href='?page_no=17829'>Previous<\/a>\n\t<\/li>\n\n\n       \n    \n\n<li><a href='?page_no=1'>1<\/a><\/li>\n\n\n\n<li><a href='?page_no=2'>2<\/a><\/li>\n\n\n\n<li><a>...<\/a><\/li>\n\n\n\n<li><a href='?page_no=17828'>17828<\/a><\/li>\n\n\n\n<li><a href='?page_no=17829'>17829<\/a><\/li>\n\n\n\n<li class='active'><a>17830<\/a><\/li>\n\n\n\n<li><a href='?page_no=17831'>17831<\/a><\/li>\n\n\n\n<li><a href='?page_no=17832'>17832<\/a><\/li>\n\n\n\n<li><a>...<\/a><\/li>\n\n\n\n<li><a href='?page_no=22911'>22911<\/a><\/li>\n\n\n\n<li><a href='?page_no=22912'>22912<\/a><\/li>\n\n    \n\t\n\n<li >\n\t<a href='?page_no=17831'>Next<\/a>\n\t<\/li>\n\n\n    \n\n<li><a href='?page_no=22912'>Last &rsaquo;&rsaquo;<\/a><\/li>\n\n<\/ul>\n\n\n--><br \/>\n<\/body><\/p>\n","protected":false},"excerpt":{"rendered":"<p>Santo Domingo, RD 3 marzo.- El desfile Nacional del Carnaval que se realizar\u00e1 ma\u00f1ana en el Malec\u00f3n reunir\u00e1 a m\u00e1s de 100 comparsas, seg\u00fan el Ministerio de Cultura, instituci\u00f3n que lo organiza con el auspicio de la Cerveza Presidente. Este a\u00f1o el carnaval dominicano se dedica este a\u00f1o al carnaval Vegano y tendr\u00e1 como Rey [&hellip;]<\/p>\n","protected":false},"author":3,"featured_media":0,"comment_status":"open","ping_status":"open","sticky":false,"template":"","format":"standard","meta":{"footnotes":""},"categories":[21],"tags":[],"class_list":["post-66152","post","type-post","status-publish","format-standard","hentry","category-cultura"],"_links":{"self":[{"href":"https:\/\/diariodominicano.com\/index.php?rest_route=\/wp\/v2\/posts\/66152","targetHints":{"allow":["GET"]}}],"collection":[{"href":"https:\/\/diariodominicano.com\/index.php?rest_route=\/wp\/v2\/posts"}],"about":[{"href":"https:\/\/diariodominicano.com\/index.php?rest_route=\/wp\/v2\/types\/post"}],"author":[{"embeddable":true,"href":"https:\/\/diariodominicano.com\/index.php?rest_route=\/wp\/v2\/users\/3"}],"replies":[{"embeddable":true,"href":"https:\/\/diariodominicano.com\/index.php?rest_route=%2Fwp%2Fv2%2Fcomments&post=66152"}],"version-history":[{"count":0,"href":"https:\/\/diariodominicano.com\/index.php?rest_route=\/wp\/v2\/posts\/66152\/revisions"}],"wp:attachment":[{"href":"https:\/\/diariodominicano.com\/index.php?rest_route=%2Fwp%2Fv2%2Fmedia&parent=66152"}],"wp:term":[{"taxonomy":"category","embeddable":true,"href":"https:\/\/diariodominicano.com\/index.php?rest_route=%2Fwp%2Fv2%2Fcategories&post=66152"},{"taxonomy":"post_tag","embeddable":true,"href":"https:\/\/diariodominicano.com\/index.php?rest_route=%2Fwp%2Fv2%2Ftags&post=66152"}],"curies":[{"name":"wp","href":"https:\/\/api.w.org\/{rel}","templated":true}]}}