{"id":66151,"date":"2012-03-03T15:58:38","date_gmt":"2012-03-03T15:58:38","guid":{"rendered":"http:\/\/diariodominicano.ddns.net\/?p=66151"},"modified":"2012-03-03T15:58:38","modified_gmt":"2012-03-03T15:58:38","slug":"muestra-interncional-de-cine-santo-domingo-del-15-al-24-de-este-mes","status":"publish","type":"post","link":"https:\/\/diariodominicano.com\/?p=66151","title":{"rendered":"Muestra Interncional de Cine Santo Domingo, del 15 al 24 de este mes"},"content":{"rendered":"<p><body><\/p>\n<p><span class=\"text1noticias\">Santo Domingo, RD 3 marzo.- . La Muestra Internacional de Cine Santo Domingo ser\u00e1 celebrada nuevamente este a\u00f1o en su d\u00e9cimo cuarta versi\u00f3n, del 15 al 24 de marzo en los cines Fine Arts del edificio del Novo Centro, ubicado en la Lope de Vega de esta ciudad.<\/span><\/p>\n<\/p>\n<p><span class=\"text1noticias\">En este a\u00f1o la edici\u00f3n tiene como pa\u00eds Invitado de Honor a Colombia, pa\u00eds que trae un conjunto de interesantes filmes que reflejan la gran pujanza que posee actualmente su cinematograf\u00eda.<\/span><\/p>\n<\/p>\n<p><span class=\"text1noticias\">La gala de apertura se realizar\u00e1 el mi\u00e9rcoles 14 de marzo a las 7:00 p.m. con la exhibici\u00f3n de la pel\u00edcula colombiana \u00abSaluda al diablo de mi parte\u00bb, obra de dos fan\u00e1ticos del cine como son los hermanos Juan Felipe y Carlos Esteban Orozco. Una trama sobre el desmovilizado \u00c1ngel Sotavento quien tiene que cumplir una misi\u00f3n de un millonario al que alguna vez secuestr\u00f3, consistente en ejecutar a sus c\u00f3mplices en el crimen si quiere ver a su hija con vida.<\/span><\/p>\n<\/p>\n<p><span class=\"text1noticias\">Antes de esta pel\u00edcula de apertura se exhibir\u00e1 el cortometraje dominicano \u00abMi abuelo\u00bb, dirigido por Albert Xavier y protagonizado por Miguel \u00c1ngel Mart\u00ednez e Isabel Cristina Polanco, primer corto criollo seleccionado para el Cannes Film Fest 2012.<\/span><\/p>\n<\/p>\n<p><span class=\"text1noticias\">Junto a Colombia, la Muestra de Cine completa su cartelera con filmes de pa\u00edses como: Alemania, Argentina, Brasil, Costa Rica, Cuba, Chile, Dinamarca, Ecuador, Espa\u00f1a, Ir\u00e1n, Israel, M\u00e9xico, Polonia, Reino Unido, Taiw\u00e1n y Venezuela.<\/span><\/p>\n<\/p>\n<p><span class=\"text1noticias\">Las secciones con que cuenta esta edici\u00f3n son la Oficial, con todas las pel\u00edculas a concurso para los premios del jurado, y que en este a\u00f1o se divide en dos renglones: Pel\u00edculas Internacionales y Pel\u00edculas Latinoamericanas.<\/span><\/p>\n<\/p>\n<p><span class=\"text1noticias\">Tambi\u00e9n se cuenta con la Secci\u00f3n de Opera Prima con primeras producciones de realizadores que se han convertido en una promesa en el panorama f\u00edlmico internacional y la Secci\u00f3n Informativa que nos trae pel\u00edculas destacadas que han conquistado reconocimientos internacionales<\/span>.<\/p>\n<h6> 2012-03-03 15:58:38 <\/h6>\n<p><!--\n<link rel=\"stylesheet\" href=\"css\/bootstrap.min.css\">\n\n\n<ul class=\"pagination\">\n\t    \n\t\n\n<li >\n\t<a href='?page_no=17828'>Previous<\/a>\n\t<\/li>\n\n\n       \n    \n\n<li><a href='?page_no=1'>1<\/a><\/li>\n\n\n\n<li><a href='?page_no=2'>2<\/a><\/li>\n\n\n\n<li><a>...<\/a><\/li>\n\n\n\n<li><a href='?page_no=17827'>17827<\/a><\/li>\n\n\n\n<li><a href='?page_no=17828'>17828<\/a><\/li>\n\n\n\n<li class='active'><a>17829<\/a><\/li>\n\n\n\n<li><a href='?page_no=17830'>17830<\/a><\/li>\n\n\n\n<li><a href='?page_no=17831'>17831<\/a><\/li>\n\n\n\n<li><a>...<\/a><\/li>\n\n\n\n<li><a href='?page_no=22911'>22911<\/a><\/li>\n\n\n\n<li><a href='?page_no=22912'>22912<\/a><\/li>\n\n    \n\t\n\n<li >\n\t<a href='?page_no=17830'>Next<\/a>\n\t<\/li>\n\n\n    \n\n<li><a href='?page_no=22912'>Last &rsaquo;&rsaquo;<\/a><\/li>\n\n<\/ul>\n\n\n--><br \/>\n<\/body><\/p>\n","protected":false},"excerpt":{"rendered":"<p>Santo Domingo, RD 3 marzo.- . La Muestra Internacional de Cine Santo Domingo ser\u00e1 celebrada nuevamente este a\u00f1o en su d\u00e9cimo cuarta versi\u00f3n, del 15 al 24 de marzo en los cines Fine Arts del edificio del Novo Centro, ubicado en la Lope de Vega de esta ciudad. En este a\u00f1o la edici\u00f3n tiene como [&hellip;]<\/p>\n","protected":false},"author":3,"featured_media":0,"comment_status":"open","ping_status":"open","sticky":false,"template":"","format":"standard","meta":{"footnotes":""},"categories":[21],"tags":[],"class_list":["post-66151","post","type-post","status-publish","format-standard","hentry","category-cultura"],"_links":{"self":[{"href":"https:\/\/diariodominicano.com\/index.php?rest_route=\/wp\/v2\/posts\/66151","targetHints":{"allow":["GET"]}}],"collection":[{"href":"https:\/\/diariodominicano.com\/index.php?rest_route=\/wp\/v2\/posts"}],"about":[{"href":"https:\/\/diariodominicano.com\/index.php?rest_route=\/wp\/v2\/types\/post"}],"author":[{"embeddable":true,"href":"https:\/\/diariodominicano.com\/index.php?rest_route=\/wp\/v2\/users\/3"}],"replies":[{"embeddable":true,"href":"https:\/\/diariodominicano.com\/index.php?rest_route=%2Fwp%2Fv2%2Fcomments&post=66151"}],"version-history":[{"count":0,"href":"https:\/\/diariodominicano.com\/index.php?rest_route=\/wp\/v2\/posts\/66151\/revisions"}],"wp:attachment":[{"href":"https:\/\/diariodominicano.com\/index.php?rest_route=%2Fwp%2Fv2%2Fmedia&parent=66151"}],"wp:term":[{"taxonomy":"category","embeddable":true,"href":"https:\/\/diariodominicano.com\/index.php?rest_route=%2Fwp%2Fv2%2Fcategories&post=66151"},{"taxonomy":"post_tag","embeddable":true,"href":"https:\/\/diariodominicano.com\/index.php?rest_route=%2Fwp%2Fv2%2Ftags&post=66151"}],"curies":[{"name":"wp","href":"https:\/\/api.w.org\/{rel}","templated":true}]}}