{"id":66149,"date":"2012-03-03T19:51:20","date_gmt":"2012-03-03T19:51:20","guid":{"rendered":"http:\/\/diariodominicano.ddns.net\/?p=66149"},"modified":"2012-03-03T19:51:20","modified_gmt":"2012-03-03T19:51:20","slug":"uapa-y-adecuci-firman-convenio-de-cooperacion","status":"publish","type":"post","link":"https:\/\/diariodominicano.com\/?p=66149","title":{"rendered":"UAPA y ADECUCI firman Convenio de Cooperaci\u00f3n"},"content":{"rendered":"<p><body><\/p>\n<p><img decoding=\"async\" src=\"img3\/uapa.JPG\" \/>  <\/p>\n<p><span class=\"text1noticias\">Rep.Dom, 3 de Marzo.-Para contribuir al crecimiento de la comunidad  Zona Oeste, la Asociaci\u00f3n para el Desarrollo de Comunidades Unidas de Cienfuegos (ADECUCI) y la Universidad Abierta para Adultos (UAPA) firmaron un acuerdo de cooperaci\u00f3n  para desarrollar programas de capacitaci\u00f3n dirigidas a los residentes en ese sector.<\/span><\/p>\n<\/p>\n<p><span class=\"text1noticias\">La firma rubricada por la vicerrectora de Relaciones Internacionales y Cooperaci\u00f3n de la Universidad , Luz Rosa Estrella y el presidente de asociaci\u00f3n, Radhames G\u00f3mez, importantizaron la alianza para desarrollar actividades en conjunta que beneficien a las 64 organizaciones que integran a ADECUCI entre las que se destacan: Juntas de vecinos, iglesias, clubes culturales, grupos de madres y entidades educativas que hacen vida que funciona en los sectores de Cienfuegos, El Ingenio y el Ensanche Espaillat.<\/span><\/p>\n<\/p>\n<p><span class=\"text1noticias\">En el acto del convenio fungieron como testigos los l\u00edderes comunitarios Reynaldo Batista, presidente de la Asociaci\u00f3n de Comerciantes Mayoristas en Provisiones de Santiago (Amprosan); Diomedes Mart\u00ednez y Jos\u00e9 Jaquez, coordinadora de Casa Comunitaria de Justicia, quienes coincidieron en valorar la firma de cooperaci\u00f3n entre la entidad y la casa de altos estudios, pionera en educaci\u00f3n a distancia.<\/span><\/p>\n<\/p>\n<p><span class=\"text1noticias\">En el encuentro estuvieron presentes dirigentes de una gran parte de las organizaciones involucradas y representantes de la Iglesia Evang\u00e9lica como el pastor Wilson B\u00e1ez, quien bendijo la actividad y la encomend\u00f3 al Todopoderoso para el \u00e9xito de los santiaguenses que demanda de formaci\u00f3n educativa.<\/span><\/p>\n<\/p>\n<p><span class=\"text1noticias\">De su lado la directora de Extensi\u00f3n Universitaria, Ana Tavares entreg\u00f3 la evidencia del convenio al presidente de ADECUCI, Radhames G\u00f3mez.<\/span><\/p>\n<\/p>\n<p><span class=\"text1noticias\">La encargada del Programa de Asistencia Social y Comunitaria (PASC), enlace para desarrollar las actividades del convenio, tambi\u00e9n estuvo presente\/<\/span>\/<\/p>\n<h6> 2012-03-03 19:51:20 <\/h6>\n<p><!--\n<link rel=\"stylesheet\" href=\"css\/bootstrap.min.css\">\n\n\n<ul class=\"pagination\">\n\t    \n\t\n\n<li >\n\t<a href='?page_no=17826'>Previous<\/a>\n\t<\/li>\n\n\n       \n    \n\n<li><a href='?page_no=1'>1<\/a><\/li>\n\n\n\n<li><a href='?page_no=2'>2<\/a><\/li>\n\n\n\n<li><a>...<\/a><\/li>\n\n\n\n<li><a href='?page_no=17825'>17825<\/a><\/li>\n\n\n\n<li><a href='?page_no=17826'>17826<\/a><\/li>\n\n\n\n<li class='active'><a>17827<\/a><\/li>\n\n\n\n<li><a href='?page_no=17828'>17828<\/a><\/li>\n\n\n\n<li><a href='?page_no=17829'>17829<\/a><\/li>\n\n\n\n<li><a>...<\/a><\/li>\n\n\n\n<li><a href='?page_no=22911'>22911<\/a><\/li>\n\n\n\n<li><a href='?page_no=22912'>22912<\/a><\/li>\n\n    \n\t\n\n<li >\n\t<a href='?page_no=17828'>Next<\/a>\n\t<\/li>\n\n\n    \n\n<li><a href='?page_no=22912'>Last &rsaquo;&rsaquo;<\/a><\/li>\n\n<\/ul>\n\n\n--><br \/>\n<\/body><\/p>\n","protected":false},"excerpt":{"rendered":"<p>Rep.Dom, 3 de Marzo.-Para contribuir al crecimiento de la comunidad Zona Oeste, la Asociaci\u00f3n para el Desarrollo de Comunidades Unidas de Cienfuegos (ADECUCI) y la Universidad Abierta para Adultos (UAPA) firmaron un acuerdo de cooperaci\u00f3n para desarrollar programas de capacitaci\u00f3n dirigidas a los residentes en ese sector. La firma rubricada por la vicerrectora de Relaciones [&hellip;]<\/p>\n","protected":false},"author":3,"featured_media":0,"comment_status":"open","ping_status":"open","sticky":false,"template":"","format":"standard","meta":{"footnotes":""},"categories":[21],"tags":[],"class_list":["post-66149","post","type-post","status-publish","format-standard","hentry","category-cultura"],"_links":{"self":[{"href":"https:\/\/diariodominicano.com\/index.php?rest_route=\/wp\/v2\/posts\/66149","targetHints":{"allow":["GET"]}}],"collection":[{"href":"https:\/\/diariodominicano.com\/index.php?rest_route=\/wp\/v2\/posts"}],"about":[{"href":"https:\/\/diariodominicano.com\/index.php?rest_route=\/wp\/v2\/types\/post"}],"author":[{"embeddable":true,"href":"https:\/\/diariodominicano.com\/index.php?rest_route=\/wp\/v2\/users\/3"}],"replies":[{"embeddable":true,"href":"https:\/\/diariodominicano.com\/index.php?rest_route=%2Fwp%2Fv2%2Fcomments&post=66149"}],"version-history":[{"count":0,"href":"https:\/\/diariodominicano.com\/index.php?rest_route=\/wp\/v2\/posts\/66149\/revisions"}],"wp:attachment":[{"href":"https:\/\/diariodominicano.com\/index.php?rest_route=%2Fwp%2Fv2%2Fmedia&parent=66149"}],"wp:term":[{"taxonomy":"category","embeddable":true,"href":"https:\/\/diariodominicano.com\/index.php?rest_route=%2Fwp%2Fv2%2Fcategories&post=66149"},{"taxonomy":"post_tag","embeddable":true,"href":"https:\/\/diariodominicano.com\/index.php?rest_route=%2Fwp%2Fv2%2Ftags&post=66149"}],"curies":[{"name":"wp","href":"https:\/\/api.w.org\/{rel}","templated":true}]}}