{"id":66148,"date":"2012-03-03T20:37:33","date_gmt":"2012-03-03T20:37:33","guid":{"rendered":"http:\/\/diariodominicano.ddns.net\/?p=66148"},"modified":"2012-03-03T20:37:33","modified_gmt":"2012-03-03T20:37:33","slug":"minerd-celebra-dia-de-las-asociaciones-de-padres","status":"publish","type":"post","link":"https:\/\/diariodominicano.com\/?p=66148","title":{"rendered":"MINERD celebra d\u00eda de las asociaciones de padres"},"content":{"rendered":"<p><body><\/p>\n<p><img decoding=\"async\" src=\"img3\/padres.JPG\" \/>  <\/p>\n<p><span class=\"text1noticias\">Rep.Dom, 3 de Marzo.-El Ministerio de Educaci\u00f3n (MINERD), a trav\u00e9s del Departamento de Participaci\u00f3n Comunitaria, celebr\u00f3 el D\u00eda Nacional de la Asociaci\u00f3n de Padres, Madres y Amigos de la Escuela, (APMAE), con diversos actos desarrollados durante una semana aniversario. <\/span><\/p>\n<\/p>\n<p><span class=\"text1noticias\">La celebraci\u00f3n del D\u00eda Nacional de la APMAE, instituido el 3 de marzo de cada a\u00f1o, en reconocimiento al apoyo y acompa\u00f1amiento de los padres, madres y tutores en el proceso de aprendizaje de sus hijos, se realiza a partir del primer Congreso Nacional de 1994 donde se aprueba el Reglamento 3-94, que reg\u00eda esas asociaciones.   <\/span><\/p>\n<\/p>\n<p><span class=\"text1noticias\">Uno de los prop\u00f3sitos de la festividad es motivar la participaci\u00f3n de los padres en el proceso ense\u00f1anza-aprendizaje y reconocer sus puntuales y valiosos esfuerzos.<\/span><\/p>\n<\/p>\n<p><span class=\"text1noticias\">Dentro de las actividades, este viernes 2 de febrero se celebr\u00f3 una eucarist\u00eda en la Catedral Primada de Am\u00e9rica, oficiada por el padre Amancio Escapa, una caminata hasta el Altar de la Patria, donde se deposit\u00f3 una ofrenda floral, y un acto de reconocimiento en el Hotel V Centenario a las APMAEs m\u00e1s destacadas de los 104 Distritos Educativos del pa\u00eds.  <\/span><\/p>\n<\/p>\n<p><span class=\"text1noticias\">Al pronunciar un discurso ante las APMAEs la directora de Participaci\u00f3n Comunitaria licenciada Rosa Mena, expres\u00f3 que el MINERD reconoce el trabajo que d\u00eda a d\u00eda hacen los padres de una manera permanente y coherente con el centro educativo de sus hijos, en busca de mejorar la calidad de la educaci\u00f3n.<\/span><\/p>\n<\/p>\n<p><span class=\"text1noticias\">Mena destac\u00f3 el rol que juegan las seis mil APMAEs divididas en cinco mil 962 Comit\u00e9s de Cursos, las cuales \u00abconstituyen el elemento primario de la participaci\u00f3n comunitaria en una gesti\u00f3n educativa, cuya labor es apoyar las labores docentes\u00bb.<\/span><\/p>\n<\/p>\n<p><span class=\"text1noticias\">La presidenta de la Federaci\u00f3n Nacional de Padres, Madres y Amigos de la Escuela, Belkis Almonte, agradeci\u00f3 al MINERD el reconocimiento y expres\u00f3 el compromiso de esa entidad para seguir colaborando con la educaci\u00f3n de sus hijos en la escuela.<\/span><\/p>\n<\/p>\n<p><span class=\"text1noticias\">La directora de Participaci\u00f3n Comunitaria encabez\u00f3 la entrega de pergaminos de reconocimiento a los presidentes de 104 APMAEs de centros educativos que integran los ejes Este, Metropolitano, Nordeste, Norte y Sur.  La entrega fue hecha de manera simb\u00f3lica por los coordinadores de ejes a los t\u00e9cnicos regionales.<\/span><\/p>\n<\/p>\n<p><span class=\"text1noticias\">El eje Este est\u00e1 compuesto por las regionales 05 (San Pedro de Macor\u00eds) y 12 (Hig\u00fcey); el Sur por la 01 (Barahona), 02 (San Juan), 03 (Azua) y 18 (Neyba); el Nordeste por la regional 06 (La Vega), 14 (Nagua) y 16 (Cotu\u00ed); el eje Metropolitano por  la regional 04 (San Crist\u00f3bal), 10 (Santo Domingo I), 15 (Santo Domingo II), 17 (Monte Plata), y el eje Norte por la regional 07 (San Francisco de Macor\u00eds), 08 (Santiago), 09 (Mao), 11 (Puerto Plata) y 13 (Montecristi).<\/span><\/p>\n<\/p>\n<p><span class=\"text1noticias\">En las actividades participaron, adem\u00e1s, viceministros, directores generales y departamentales,  y t\u00e9cnicos regionales y distritales<\/span>.<\/p>\n<h6> 2012-03-03 20:37:33 <\/h6>\n<p><!--\n<link rel=\"stylesheet\" href=\"css\/bootstrap.min.css\">\n\n\n<ul class=\"pagination\">\n\t    \n\t\n\n<li >\n\t<a href='?page_no=17825'>Previous<\/a>\n\t<\/li>\n\n\n       \n    \n\n<li><a href='?page_no=1'>1<\/a><\/li>\n\n\n\n<li><a href='?page_no=2'>2<\/a><\/li>\n\n\n\n<li><a>...<\/a><\/li>\n\n\n\n<li><a href='?page_no=17824'>17824<\/a><\/li>\n\n\n\n<li><a href='?page_no=17825'>17825<\/a><\/li>\n\n\n\n<li class='active'><a>17826<\/a><\/li>\n\n\n\n<li><a href='?page_no=17827'>17827<\/a><\/li>\n\n\n\n<li><a href='?page_no=17828'>17828<\/a><\/li>\n\n\n\n<li><a>...<\/a><\/li>\n\n\n\n<li><a href='?page_no=22911'>22911<\/a><\/li>\n\n\n\n<li><a href='?page_no=22912'>22912<\/a><\/li>\n\n    \n\t\n\n<li >\n\t<a href='?page_no=17827'>Next<\/a>\n\t<\/li>\n\n\n    \n\n<li><a href='?page_no=22912'>Last &rsaquo;&rsaquo;<\/a><\/li>\n\n<\/ul>\n\n\n--><br \/>\n<\/body><\/p>\n","protected":false},"excerpt":{"rendered":"<p>Rep.Dom, 3 de Marzo.-El Ministerio de Educaci\u00f3n (MINERD), a trav\u00e9s del Departamento de Participaci\u00f3n Comunitaria, celebr\u00f3 el D\u00eda Nacional de la Asociaci\u00f3n de Padres, Madres y Amigos de la Escuela, (APMAE), con diversos actos desarrollados durante una semana aniversario. La celebraci\u00f3n del D\u00eda Nacional de la APMAE, instituido el 3 de marzo de cada a\u00f1o, [&hellip;]<\/p>\n","protected":false},"author":3,"featured_media":0,"comment_status":"open","ping_status":"open","sticky":false,"template":"","format":"standard","meta":{"footnotes":""},"categories":[21],"tags":[],"class_list":["post-66148","post","type-post","status-publish","format-standard","hentry","category-cultura"],"_links":{"self":[{"href":"https:\/\/diariodominicano.com\/index.php?rest_route=\/wp\/v2\/posts\/66148","targetHints":{"allow":["GET"]}}],"collection":[{"href":"https:\/\/diariodominicano.com\/index.php?rest_route=\/wp\/v2\/posts"}],"about":[{"href":"https:\/\/diariodominicano.com\/index.php?rest_route=\/wp\/v2\/types\/post"}],"author":[{"embeddable":true,"href":"https:\/\/diariodominicano.com\/index.php?rest_route=\/wp\/v2\/users\/3"}],"replies":[{"embeddable":true,"href":"https:\/\/diariodominicano.com\/index.php?rest_route=%2Fwp%2Fv2%2Fcomments&post=66148"}],"version-history":[{"count":0,"href":"https:\/\/diariodominicano.com\/index.php?rest_route=\/wp\/v2\/posts\/66148\/revisions"}],"wp:attachment":[{"href":"https:\/\/diariodominicano.com\/index.php?rest_route=%2Fwp%2Fv2%2Fmedia&parent=66148"}],"wp:term":[{"taxonomy":"category","embeddable":true,"href":"https:\/\/diariodominicano.com\/index.php?rest_route=%2Fwp%2Fv2%2Fcategories&post=66148"},{"taxonomy":"post_tag","embeddable":true,"href":"https:\/\/diariodominicano.com\/index.php?rest_route=%2Fwp%2Fv2%2Ftags&post=66148"}],"curies":[{"name":"wp","href":"https:\/\/api.w.org\/{rel}","templated":true}]}}