{"id":66147,"date":"2012-03-04T16:30:16","date_gmt":"2012-03-04T16:30:16","guid":{"rendered":"http:\/\/diariodominicano.ddns.net\/?p=66147"},"modified":"2012-03-04T16:30:16","modified_gmt":"2012-03-04T16:30:16","slug":"esta-tarde-el-malecon-se-viste-de-gala-con-el-carnaval-2012","status":"publish","type":"post","link":"https:\/\/diariodominicano.com\/?p=66147","title":{"rendered":"Esta tarde el Malec\u00f3n se viste de gala con el Carnaval 2012"},"content":{"rendered":"<p><body><\/p>\n<p><span class=\"text1noticias\">Santo Domingo, RD 4 marzo.- La gran Fiesta de Carnaval, organizada por el Ministerio de Cultura, ser\u00e1 este domingo en el Malec\u00f3n, con el desfile que iniciar\u00e1 a las 3:00 pm en el Obelisco y concluir\u00e1 en la avenida M\u00e1ximo G\u00f3mez. <\/span><\/p>\n<\/p>\n<p><span class=\"text1noticias\">Este a\u00f1o Cultura entregar\u00e1 cuatro millones 530 mil pesos en premios, de los cuales un mill\u00f3n 780 mil corresponden a las comparsas ganadoras del desfile y un  mill\u00f3n 375 mil a las del Reality Show. <\/span><\/p>\n<\/p>\n<p><span class=\"text1noticias\">Adem\u00e1s, est\u00e1n los premios Felipe Abreu, a las comparsas seleccionadas para participar en el gran desfile y los del Carnaval Santo Domingo Oriental.<\/span><\/p>\n<\/p>\n<p><span class=\"text1noticias\">Inicio<\/span><\/p>\n<\/p>\n<p><span class=\"text1noticias\">El primer bloque del Desfile comprender\u00e1 a las bandas de m\u00fasica de la Marina de Guerra y el Cuerpo de Bomberos del Distrito Nacional, a quienes seguir\u00e1 la carroza del Ministerio de Cultura con el Rey y a la Reina del desfile.<\/span><\/p>\n<\/p>\n<p><span class=\"text1noticias\">Luego, entra una gran comparsa en Homenaje a Nereyda Rodr\u00edguez, para dar paso de inmediato a las comparsas internacionales invitadas de Taiw\u00e1n, Curazao, Colombia y Hait\u00ed.<\/span><\/p>\n<\/p>\n<p><span class=\"text1noticias\">A estas le seguir\u00e1n las carrozas del Ministerio de Turismo y la Gran Gala de Carnaval, de Vitico Erarte. Despu\u00e9s desfilar\u00e1 La Vega, provincia a quien est\u00e1 dedicado el Desfile, quien trae una delegaci\u00f3n de m\u00e1s de 500 carnavaleros.<\/span><\/p>\n<\/p>\n<p><span class=\"text1noticias\">Como cierre del bloque inicial desfilar\u00e1 el reconocido carnavalero de Cotu\u00ed, Juampa, con la propuesta \u00abEn la \u00f3rbita del papel\u00fa\u00bb.<\/span><\/p>\n<\/p>\n<p><span class=\"text1noticias\">Continuar\u00e1n las 50 comparsas finalistas del Reality Show \u00abVive el Carnaval de Noche y de D\u00eda\u00bb; que fue realizado en enero y febrero en las distintas regiones del pa\u00eds.<\/span><\/p>\n<\/p>\n<p><span class=\"text1noticias\">A seguidas, se dar\u00e1 paso a las comparsas de las 30 provincias del pa\u00eds y el Gran Santo Domingo.<\/span><\/p>\n<\/p>\n<p><span class=\"text1noticias\">Delegaciones internacionales<\/span><\/p>\n<\/p>\n<p><span class=\"text1noticias\">Hait\u00ed trae este a\u00f1o la m\u00e1s amplia con la presencia del ministro de Cultura, Pierre Raymond Dumas; la ministra de Turismo, St\u00e9phanie Balmir-Villedrouin; la secretaria de Estado del Patrimonio Nacional, Elsa Baussan-Noel y el hijo del presidente de Hait\u00ed, el joven Michel Joseph Martelly.<\/span><\/p>\n<\/p>\n<p><span class=\"text1noticias\">Igualmente, los directoes del Museo del Pante\u00f3n Nacional, general del Ministerio de Cultura, de la Radio Nacional de Hait\u00ed, general de la Televisi\u00f3n Nacional; el presidente y el vicepresidente del Comit\u00e9 Nacional de Carnaval as\u00ed como el rey y la reina del carnaval de Hait\u00ed 2012 y una amplia lista de funcionarios culturales y tur\u00edsticos de la vecina isla.<\/span><\/p>\n<\/p>\n<p><span class=\"text1noticias\">Tambi\u00e9n estar\u00e1 presente el Ministro de Cultura de Curazao, Lionel Jansen, y la directora general de Cultura de esa isla, Lisette Sambo-Verder. Adem\u00e1s, delegaciones de Colombia y la Rep\u00fablica China de Taiwan.<\/span><\/p>\n<\/p>\n<p><span class=\"text1noticias\">Seguridad<\/span><\/p>\n<\/p>\n<p><span class=\"text1noticias\">M\u00e1s de cuatro mil polic\u00edas, lanchas de la Marina de Guerra, agentes antidrogas y la polic\u00eda tur\u00edstica tendr\u00e1n a su cargo la seguridad del desfile de carnaval este domingo por el malec\u00f3n capitalino.<\/span><\/p>\n<\/p>\n<p><span class=\"text1noticias\">El coordinador de esta festividad, Carlos Mena, inform\u00f3 a la prensa sobre el dispositivo de seguridad que acompa\u00f1ar\u00e1 a los ciudadanos que acudan a ella.<\/span><\/p>\n<\/p>\n<p><span class=\"text1noticias\">Para cuidar de la salud de los participantes habr\u00e1 dos cl\u00ednicas m\u00f3viles disponibles y aproximadamente 12 ambulancias para brindar socorro, as\u00ed como miembros de la Cruz Roja y la Defensa Civil.<\/span><\/p>\n<\/p>\n<p><span class=\"text1noticias\">Mena no quiso dar detalles sobre el presupuesto del evento y dijo que gracias a los patrocinadores, el carnaval podr\u00e1 tener el colorido y la m\u00fasica que satisfaga a los asistentes.<\/span><\/p>\n<\/p>\n<p><span class=\"text1noticias\">En esta ocasi\u00f3n, el desfile estar\u00e1 dedicado a la provincia de La Vega, famosa por sus fiestas carnavalescas y los organizadores del evento esperan la presencia de alrededor de mil diablos cojuelos, t\u00edpico personaje que hace travesuras a los espectadores.<\/span><\/p>\n<\/p>\n<p><span class=\"text1noticias\">Mena adelant\u00f3 que este a\u00f1o desfilar\u00e1n 110 comparsas, entre las que participar\u00e1n grupos de Hait\u00ed, Colombia y Taiwan<\/span>.<\/p>\n<\/p>\n<h6> 2012-03-04 16:30:16 <\/h6>\n<p><!--\n<link rel=\"stylesheet\" href=\"css\/bootstrap.min.css\">\n\n\n<ul class=\"pagination\">\n\t    \n\t\n\n<li >\n\t<a href='?page_no=17824'>Previous<\/a>\n\t<\/li>\n\n\n       \n    \n\n<li><a href='?page_no=1'>1<\/a><\/li>\n\n\n\n<li><a href='?page_no=2'>2<\/a><\/li>\n\n\n\n<li><a>...<\/a><\/li>\n\n\n\n<li><a href='?page_no=17823'>17823<\/a><\/li>\n\n\n\n<li><a href='?page_no=17824'>17824<\/a><\/li>\n\n\n\n<li class='active'><a>17825<\/a><\/li>\n\n\n\n<li><a href='?page_no=17826'>17826<\/a><\/li>\n\n\n\n<li><a href='?page_no=17827'>17827<\/a><\/li>\n\n\n\n<li><a>...<\/a><\/li>\n\n\n\n<li><a href='?page_no=22911'>22911<\/a><\/li>\n\n\n\n<li><a href='?page_no=22912'>22912<\/a><\/li>\n\n    \n\t\n\n<li >\n\t<a href='?page_no=17826'>Next<\/a>\n\t<\/li>\n\n\n    \n\n<li><a href='?page_no=22912'>Last &rsaquo;&rsaquo;<\/a><\/li>\n\n<\/ul>\n\n\n--><br \/>\n<\/body><\/p>\n","protected":false},"excerpt":{"rendered":"<p>Santo Domingo, RD 4 marzo.- La gran Fiesta de Carnaval, organizada por el Ministerio de Cultura, ser\u00e1 este domingo en el Malec\u00f3n, con el desfile que iniciar\u00e1 a las 3:00 pm en el Obelisco y concluir\u00e1 en la avenida M\u00e1ximo G\u00f3mez. Este a\u00f1o Cultura entregar\u00e1 cuatro millones 530 mil pesos en premios, de los cuales [&hellip;]<\/p>\n","protected":false},"author":3,"featured_media":0,"comment_status":"open","ping_status":"open","sticky":false,"template":"","format":"standard","meta":{"footnotes":""},"categories":[21],"tags":[],"class_list":["post-66147","post","type-post","status-publish","format-standard","hentry","category-cultura"],"_links":{"self":[{"href":"https:\/\/diariodominicano.com\/index.php?rest_route=\/wp\/v2\/posts\/66147","targetHints":{"allow":["GET"]}}],"collection":[{"href":"https:\/\/diariodominicano.com\/index.php?rest_route=\/wp\/v2\/posts"}],"about":[{"href":"https:\/\/diariodominicano.com\/index.php?rest_route=\/wp\/v2\/types\/post"}],"author":[{"embeddable":true,"href":"https:\/\/diariodominicano.com\/index.php?rest_route=\/wp\/v2\/users\/3"}],"replies":[{"embeddable":true,"href":"https:\/\/diariodominicano.com\/index.php?rest_route=%2Fwp%2Fv2%2Fcomments&post=66147"}],"version-history":[{"count":0,"href":"https:\/\/diariodominicano.com\/index.php?rest_route=\/wp\/v2\/posts\/66147\/revisions"}],"wp:attachment":[{"href":"https:\/\/diariodominicano.com\/index.php?rest_route=%2Fwp%2Fv2%2Fmedia&parent=66147"}],"wp:term":[{"taxonomy":"category","embeddable":true,"href":"https:\/\/diariodominicano.com\/index.php?rest_route=%2Fwp%2Fv2%2Fcategories&post=66147"},{"taxonomy":"post_tag","embeddable":true,"href":"https:\/\/diariodominicano.com\/index.php?rest_route=%2Fwp%2Fv2%2Ftags&post=66147"}],"curies":[{"name":"wp","href":"https:\/\/api.w.org\/{rel}","templated":true}]}}