{"id":66145,"date":"2012-03-04T16:43:20","date_gmt":"2012-03-04T16:43:20","guid":{"rendered":"http:\/\/diariodominicano.ddns.net\/?p=66145"},"modified":"2012-03-04T16:43:20","modified_gmt":"2012-03-04T16:43:20","slug":"cultura-celebro-la-2da-noche-brava-del-libro","status":"publish","type":"post","link":"https:\/\/diariodominicano.com\/?p=66145","title":{"rendered":"Cultura celebr\u00f3 la 2da \u00abNoche Brava del Libro\u00bb"},"content":{"rendered":"<p><body><\/p>\n<p><span class=\"text1noticias\">Santo Domingo, RD 4 marzo.-Con el inter\u00e9s de acercar al p\u00fablico a un espacio dedicado al libro y la lectura y como parte de la celebraci\u00f3n del Ciclo Preinaugural de la Feria Internacional del Libro, Santo Domingo 2012, la Librer\u00eda de Cultura realiz\u00f3  la segunda \u00abNoche Brava del Libro\u00bb, en su sede de la calle Las Atarazanas n\u00famero 2, en la Ciudad Colonial.<\/span><\/p>\n<\/p>\n<p><span class=\"text1noticias\">Desde las 6:00 pm hasta las 10:00 pm fueron ofrecidas a todos los asistentes ofertas \u00fanicas en libros, que incluyeron un 50% de descuento en los t\u00edtulos editados por el MINC, adem\u00e1s de combos de libros por cien pesos.<\/span><\/p>\n<\/p>\n<p><span class=\"text1noticias\">La conducci\u00f3n del evento fue realizada por el director de la Feria Internacional del Libro, Alejandro Arvelo y Valent\u00edn Amaro, gerente de la Librer\u00eda.<\/span><\/p>\n<\/p>\n<p><span class=\"text1noticias\">Los visitantes pudieron disfrutar de la lectura de los escritores Alexei Tellerias, Berenice Pacheco, Camelia Michell, Samuel Gregoire, Isis Aquino y Rossalina Benjam\u00edn, entre otros<\/span>.<\/p>\n<\/p>\n<p>Este nuevo espacio cultural tendr\u00e1 su edici\u00f3n mensual con un programa de ofertas literarias y recitales de poes\u00eda.<\/p>\n<\/p>\n<h6> 2012-03-04 16:43:20 <\/h6>\n<p><!--\n<link rel=\"stylesheet\" href=\"css\/bootstrap.min.css\">\n\n\n<ul class=\"pagination\">\n\t    \n\t\n\n<li >\n\t<a href='?page_no=17822'>Previous<\/a>\n\t<\/li>\n\n\n       \n    \n\n<li><a href='?page_no=1'>1<\/a><\/li>\n\n\n\n<li><a href='?page_no=2'>2<\/a><\/li>\n\n\n\n<li><a>...<\/a><\/li>\n\n\n\n<li><a href='?page_no=17821'>17821<\/a><\/li>\n\n\n\n<li><a href='?page_no=17822'>17822<\/a><\/li>\n\n\n\n<li class='active'><a>17823<\/a><\/li>\n\n\n\n<li><a href='?page_no=17824'>17824<\/a><\/li>\n\n\n\n<li><a href='?page_no=17825'>17825<\/a><\/li>\n\n\n\n<li><a>...<\/a><\/li>\n\n\n\n<li><a href='?page_no=22911'>22911<\/a><\/li>\n\n\n\n<li><a href='?page_no=22912'>22912<\/a><\/li>\n\n    \n\t\n\n<li >\n\t<a href='?page_no=17824'>Next<\/a>\n\t<\/li>\n\n\n    \n\n<li><a href='?page_no=22912'>Last &rsaquo;&rsaquo;<\/a><\/li>\n\n<\/ul>\n\n\n--><br \/>\n<\/body><\/p>\n","protected":false},"excerpt":{"rendered":"<p>Santo Domingo, RD 4 marzo.-Con el inter\u00e9s de acercar al p\u00fablico a un espacio dedicado al libro y la lectura y como parte de la celebraci\u00f3n del Ciclo Preinaugural de la Feria Internacional del Libro, Santo Domingo 2012, la Librer\u00eda de Cultura realiz\u00f3 la segunda \u00abNoche Brava del Libro\u00bb, en su sede de la calle [&hellip;]<\/p>\n","protected":false},"author":3,"featured_media":0,"comment_status":"open","ping_status":"open","sticky":false,"template":"","format":"standard","meta":{"footnotes":""},"categories":[21],"tags":[],"class_list":["post-66145","post","type-post","status-publish","format-standard","hentry","category-cultura"],"_links":{"self":[{"href":"https:\/\/diariodominicano.com\/index.php?rest_route=\/wp\/v2\/posts\/66145","targetHints":{"allow":["GET"]}}],"collection":[{"href":"https:\/\/diariodominicano.com\/index.php?rest_route=\/wp\/v2\/posts"}],"about":[{"href":"https:\/\/diariodominicano.com\/index.php?rest_route=\/wp\/v2\/types\/post"}],"author":[{"embeddable":true,"href":"https:\/\/diariodominicano.com\/index.php?rest_route=\/wp\/v2\/users\/3"}],"replies":[{"embeddable":true,"href":"https:\/\/diariodominicano.com\/index.php?rest_route=%2Fwp%2Fv2%2Fcomments&post=66145"}],"version-history":[{"count":0,"href":"https:\/\/diariodominicano.com\/index.php?rest_route=\/wp\/v2\/posts\/66145\/revisions"}],"wp:attachment":[{"href":"https:\/\/diariodominicano.com\/index.php?rest_route=%2Fwp%2Fv2%2Fmedia&parent=66145"}],"wp:term":[{"taxonomy":"category","embeddable":true,"href":"https:\/\/diariodominicano.com\/index.php?rest_route=%2Fwp%2Fv2%2Fcategories&post=66145"},{"taxonomy":"post_tag","embeddable":true,"href":"https:\/\/diariodominicano.com\/index.php?rest_route=%2Fwp%2Fv2%2Ftags&post=66145"}],"curies":[{"name":"wp","href":"https:\/\/api.w.org\/{rel}","templated":true}]}}