{"id":661447,"date":"2026-01-21T14:52:20","date_gmt":"2026-01-21T18:52:20","guid":{"rendered":"https:\/\/diariodominicano.com\/?p=661447"},"modified":"2026-01-21T14:52:28","modified_gmt":"2026-01-21T18:52:28","slug":"oficina-judicial-de-servicios-de-atencion-permanente-de-santiago-impone-prision-preventiva-a-un-agente-policial-por-el-homicidio-de-un-joven-en-la-ceibita","status":"publish","type":"post","link":"https:\/\/diariodominicano.com\/?p=661447","title":{"rendered":"Oficina Judicial de Servicios de Atenci\u00f3n Permanente de Santiago impone prisi\u00f3n preventiva a un agente policial por el homicidio de un joven en La Ceibita"},"content":{"rendered":"\n<p><strong>SANTO DOMINGO (Rep\u00fablica Dominicana).<\/strong>&#8211; En respuesta a una solicitud del Ministerio P\u00fablico, la Oficina Judicial de Servicios de Atenci\u00f3n Permanente de Santiago impuso prisi\u00f3n preventiva, como medida de coerci\u00f3n, en contra de un agente de la Polic\u00eda Nacional imputado por el homicidio de un joven en el barrio La Ceibita, del sector Pek\u00edn.<\/p>\n\n\n\n<p>La jueza Yiberty Polanco Herr\u00e1n, del referido tribunal, tom\u00f3 la decisi\u00f3n respecto del imputado Jersin Encarnaci\u00f3n Vicente, sindicado como el autor de la muerte de Miguel Antonio Miranda Flete, de 23 a\u00f1os de edad.<\/p>\n\n\n\n<p>El imputado enfrenta, de manera provisional, cargos por violentar el tipo penal descrito en los art\u00edculos 295 y 304 del C\u00f3digo Penal Dominicano, que tipifican el homicidio.<\/p>\n\n\n\n<p>El tribunal orden\u00f3 que cumpla la prisi\u00f3n, que le ser\u00e1 revisada cada tres meses, en la c\u00e1rcel del centro de Operaciones Especiales de Manoguayabo, en Santo Domingo Oeste.<\/p>\n\n\n\n<p>Durante la audiencia, la fiscal litigante Heidys de Le\u00f3n, representando al Ministerio P\u00fablico, refiri\u00f3 que el agente policial cometi\u00f3 el homicidio de la v\u00edctima, luego de que disparara su arma de reglamento y lo impactara en la cabeza.<\/p>\n\n\n\n<p>Los hechos tuvieron lugar el 25 diciembre del 2025, alrededor de las 7:30 de la ma\u00f1ana, cuando el agente policial lleg\u00f3 a la escena acompa\u00f1ado por otros uniformados, en respuesta a un llamado de la comunidad por una fiesta que se desarrollaba y que estaba generando contaminaci\u00f3n s\u00f3nica.<\/p>\n\n\n\n<p>La investigaci\u00f3n del \u00f3rgano persecutor, encabezada por el director del Departamento de Asuntos Internos de la Fiscal\u00eda, el procurador de corte Gerardo Ponce, establece que cuando los agentes policiales llegaron al lugar la situaci\u00f3n se torn\u00f3 violenta y los agentes lanzaron bombas lacrim\u00f3genas para controlar la situaci\u00f3n.<\/p>\n\n\n\n<p>El procesado, Encarnaci\u00f3n Vicente, dispar\u00f3 su arma de reglamento, una pistola marca Glock 17, calibre 9 mil\u00edmetros, impactando en la cabeza a Miranda Flete. Tras permanecer en estado de gravedad, la v\u00edctima falleci\u00f3 cuatro d\u00edas despu\u00e9s, el 29 de diciembre del 2025, mientras recib\u00eda atenciones m\u00e9dicas.<\/p>\n\n\n\n<p>La Fiscal\u00eda de Santiago deposit\u00f3 ante el tribunal los elementos de prueba recolectados, incluyendo los testimonios de personas que, de manera coherente, han relatado los hechos; as\u00ed tambi\u00e9n pruebas documentales, periciales y materiales, que fueron determinantes para que el tribunal tomara la decisi\u00f3n.<\/p>\n\n\n\n<p>A disposici\u00f3n del tribunal se puso tambi\u00e9n la prueba audiovisual en cuyas im\u00e1genes se observa cuando el imputado dispara contra la v\u00edctima.<\/p>\n\n\n\n<p><strong>Direcci\u00f3n General de Comunicaci\u00f3n, Prensa, y RRPP<\/strong><strong><\/strong><\/p>\n\n\n\n<p>Ministerio P\u00fablico.&nbsp;R.D.<\/p>\n\n\n\n<p>Mi\u00e9rcoles, 21 de enero de 2026<\/p>\n","protected":false},"excerpt":{"rendered":"<p>SANTO DOMINGO (Rep\u00fablica Dominicana).&#8211; En respuesta a una solicitud del Ministerio P\u00fablico, la Oficina Judicial de Servicios de Atenci\u00f3n Permanente de Santiago impuso prisi\u00f3n preventiva, como medida de coerci\u00f3n, en contra de un agente de la Polic\u00eda Nacional imputado por el homicidio de un joven en el barrio La Ceibita, del sector Pek\u00edn. La jueza [&hellip;]<\/p>\n","protected":false},"author":2,"featured_media":323031,"comment_status":"closed","ping_status":"closed","sticky":false,"template":"","format":"standard","meta":{"footnotes":""},"categories":[24,29,27],"tags":[],"class_list":["post-661447","post","type-post","status-publish","format-standard","has-post-thumbnail","hentry","category-justicia-y-derecho","category-policiasucesos","category-portada"],"_links":{"self":[{"href":"https:\/\/diariodominicano.com\/index.php?rest_route=\/wp\/v2\/posts\/661447","targetHints":{"allow":["GET"]}}],"collection":[{"href":"https:\/\/diariodominicano.com\/index.php?rest_route=\/wp\/v2\/posts"}],"about":[{"href":"https:\/\/diariodominicano.com\/index.php?rest_route=\/wp\/v2\/types\/post"}],"author":[{"embeddable":true,"href":"https:\/\/diariodominicano.com\/index.php?rest_route=\/wp\/v2\/users\/2"}],"replies":[{"embeddable":true,"href":"https:\/\/diariodominicano.com\/index.php?rest_route=%2Fwp%2Fv2%2Fcomments&post=661447"}],"version-history":[{"count":1,"href":"https:\/\/diariodominicano.com\/index.php?rest_route=\/wp\/v2\/posts\/661447\/revisions"}],"predecessor-version":[{"id":661448,"href":"https:\/\/diariodominicano.com\/index.php?rest_route=\/wp\/v2\/posts\/661447\/revisions\/661448"}],"wp:featuredmedia":[{"embeddable":true,"href":"https:\/\/diariodominicano.com\/index.php?rest_route=\/wp\/v2\/media\/323031"}],"wp:attachment":[{"href":"https:\/\/diariodominicano.com\/index.php?rest_route=%2Fwp%2Fv2%2Fmedia&parent=661447"}],"wp:term":[{"taxonomy":"category","embeddable":true,"href":"https:\/\/diariodominicano.com\/index.php?rest_route=%2Fwp%2Fv2%2Fcategories&post=661447"},{"taxonomy":"post_tag","embeddable":true,"href":"https:\/\/diariodominicano.com\/index.php?rest_route=%2Fwp%2Fv2%2Ftags&post=661447"}],"curies":[{"name":"wp","href":"https:\/\/api.w.org\/{rel}","templated":true}]}}