{"id":66144,"date":"2012-03-04T17:49:25","date_gmt":"2012-03-04T17:49:25","guid":{"rendered":"http:\/\/diariodominicano.ddns.net\/?p=66144"},"modified":"2012-03-04T17:49:25","modified_gmt":"2012-03-04T17:49:25","slug":"imparten-taller-sobre-organizacion-de-bibliotecas","status":"publish","type":"post","link":"https:\/\/diariodominicano.com\/?p=66144","title":{"rendered":"Imparten taller sobre organizaci\u00f3n de bibliotecas"},"content":{"rendered":"<p><body><\/p>\n<p><img decoding=\"async\" src=\"img3\/bibliotecas.JPG\" \/>  <\/p>\n<p><span class=\"text1noticias\">Rep.Dom, 4 de Marzo.-El Ministerio de Cultura (MINC), a trav\u00e9s de la Direcci\u00f3n General del Libro y la Lectura, imparti\u00f3 el Taller \u00abOrganizaci\u00f3n de Bibliotecas para Escritores\u00bb, en la Sala de Arte Ram\u00f3n Oviedo, en la sede de la entidad.<\/span><\/p>\n<\/p>\n<p><span class=\"text1noticias\">El taller, que est\u00e1 dirigido a escritores, fue impartido por la bibliotec\u00f3loga, Mar\u00eda Del Socorro Duque Bernal, \u00abcon el fin de que estos puedan tener conocimientos b\u00e1sicos de lo que es la organizaci\u00f3n de una biblioteca y tener elementos t\u00e9cnicos para catalogar sus libros y poderlos ordenar bien en su biblioteca\u00bb.<\/span><\/p>\n<\/p>\n<p><span class=\"text1noticias\">En el curso, de car\u00e1cter te\u00f3rico-pr\u00e1ctico, se explicaron algunas pautas b\u00e1sicas para la organizaci\u00f3n de los materiales de una biblioteca, los formatos y tipos de informaci\u00f3n,  c\u00f3mo catalogar los libros y los pasos para el ingreso de material a la biblioteca. <\/span><\/p>\n<\/p>\n<p><span class=\"text1noticias\">Los participantes aprendieron a utilizar la identificaci\u00f3n de los dos primeros sumarios del Sistema de Clasificaci\u00f3n Dewey, el cual proporciona una estructura din\u00e1mica para la organizaci\u00f3n de colecciones bibliotecarias, permitiendo que los materiales se organicen y encuentren f\u00e1cilmente.<\/span><\/p>\n<\/p>\n<p><span class=\"text1noticias\">Otra t\u00e9cnica proporcionada fue utilizar la  clave de autor y c\u00f3mo se conforma el arreglo f\u00edsico del material, su colocaci\u00f3n en la estanter\u00eda y c\u00f3mo conservarlos. <\/span><\/p>\n<\/p>\n<p><span class=\"text1noticias\">La Direcci\u00f3n General del Libro y la Lectura, unidad del Ministerio de Cultura, desarrolla un intenso programa con el fin de promover la lectura, con distintas acciones que abarcan formaci\u00f3n y organizaci\u00f3n de bibliotecas, donaciones de libros y la realizaci\u00f3n de conferencias, festivales, congresos y talleres<\/span>. <\/p>\n<h6> 2012-03-04 17:49:25 <\/h6>\n<p><!--\n<link rel=\"stylesheet\" href=\"css\/bootstrap.min.css\">\n\n\n<ul class=\"pagination\">\n\t    \n\t\n\n<li >\n\t<a href='?page_no=17821'>Previous<\/a>\n\t<\/li>\n\n\n       \n    \n\n<li><a href='?page_no=1'>1<\/a><\/li>\n\n\n\n<li><a href='?page_no=2'>2<\/a><\/li>\n\n\n\n<li><a>...<\/a><\/li>\n\n\n\n<li><a href='?page_no=17820'>17820<\/a><\/li>\n\n\n\n<li><a href='?page_no=17821'>17821<\/a><\/li>\n\n\n\n<li class='active'><a>17822<\/a><\/li>\n\n\n\n<li><a href='?page_no=17823'>17823<\/a><\/li>\n\n\n\n<li><a href='?page_no=17824'>17824<\/a><\/li>\n\n\n\n<li><a>...<\/a><\/li>\n\n\n\n<li><a href='?page_no=22911'>22911<\/a><\/li>\n\n\n\n<li><a href='?page_no=22912'>22912<\/a><\/li>\n\n    \n\t\n\n<li >\n\t<a href='?page_no=17823'>Next<\/a>\n\t<\/li>\n\n\n    \n\n<li><a href='?page_no=22912'>Last &rsaquo;&rsaquo;<\/a><\/li>\n\n<\/ul>\n\n\n--><br \/>\n<\/body><\/p>\n","protected":false},"excerpt":{"rendered":"<p>Rep.Dom, 4 de Marzo.-El Ministerio de Cultura (MINC), a trav\u00e9s de la Direcci\u00f3n General del Libro y la Lectura, imparti\u00f3 el Taller \u00abOrganizaci\u00f3n de Bibliotecas para Escritores\u00bb, en la Sala de Arte Ram\u00f3n Oviedo, en la sede de la entidad. El taller, que est\u00e1 dirigido a escritores, fue impartido por la bibliotec\u00f3loga, Mar\u00eda Del Socorro [&hellip;]<\/p>\n","protected":false},"author":3,"featured_media":0,"comment_status":"open","ping_status":"open","sticky":false,"template":"","format":"standard","meta":{"footnotes":""},"categories":[21],"tags":[],"class_list":["post-66144","post","type-post","status-publish","format-standard","hentry","category-cultura"],"_links":{"self":[{"href":"https:\/\/diariodominicano.com\/index.php?rest_route=\/wp\/v2\/posts\/66144","targetHints":{"allow":["GET"]}}],"collection":[{"href":"https:\/\/diariodominicano.com\/index.php?rest_route=\/wp\/v2\/posts"}],"about":[{"href":"https:\/\/diariodominicano.com\/index.php?rest_route=\/wp\/v2\/types\/post"}],"author":[{"embeddable":true,"href":"https:\/\/diariodominicano.com\/index.php?rest_route=\/wp\/v2\/users\/3"}],"replies":[{"embeddable":true,"href":"https:\/\/diariodominicano.com\/index.php?rest_route=%2Fwp%2Fv2%2Fcomments&post=66144"}],"version-history":[{"count":0,"href":"https:\/\/diariodominicano.com\/index.php?rest_route=\/wp\/v2\/posts\/66144\/revisions"}],"wp:attachment":[{"href":"https:\/\/diariodominicano.com\/index.php?rest_route=%2Fwp%2Fv2%2Fmedia&parent=66144"}],"wp:term":[{"taxonomy":"category","embeddable":true,"href":"https:\/\/diariodominicano.com\/index.php?rest_route=%2Fwp%2Fv2%2Fcategories&post=66144"},{"taxonomy":"post_tag","embeddable":true,"href":"https:\/\/diariodominicano.com\/index.php?rest_route=%2Fwp%2Fv2%2Ftags&post=66144"}],"curies":[{"name":"wp","href":"https:\/\/api.w.org\/{rel}","templated":true}]}}