{"id":66142,"date":"2012-03-05T19:05:44","date_gmt":"2012-03-05T19:05:44","guid":{"rendered":"http:\/\/diariodominicano.ddns.net\/?p=66142"},"modified":"2012-03-05T19:05:44","modified_gmt":"2012-03-05T19:05:44","slug":"cien-anos-de-soledad-estara-en-el-ciberespacio","status":"publish","type":"post","link":"https:\/\/diariodominicano.com\/?p=66142","title":{"rendered":"Cien a\u00f1os de soledad estar\u00e1 en el ciberespacio"},"content":{"rendered":"<p><body><\/p>\n<p><img decoding=\"async\" src=\"http:\/\/localhost:8080\/img3\/ciena%C3%83%C2%B1ossoledad.jpg\" \/>  <\/p>\n<p><span class=\"text1noticias\">Bogot\u00e1, 5 mar (PL) Los lectores de todo el mundo podr\u00e1n acceder a partir de ma\u00f1ana por v\u00eda electr\u00f3nica a Cien a\u00f1os de soledad, considerada la obra m\u00e1s importante del premio Nobel de Literatura colombiano Gabriel Garc\u00eda M\u00e1rquez.<\/span><\/p>\n<\/p>\n<p><span class=\"text1noticias\">En conmemoraci\u00f3n de los 85 a\u00f1os de vida del Gabo, como se le conoce cari\u00f1osamente, la editorial Leer-e pondr\u00e1 en circulaci\u00f3n en la red de redes la obra en dos formatos; Kindle y Epub.<\/span><\/p>\n<\/p>\n<p><span class=\"text1noticias\">La agente literaria de Garc\u00eda M\u00e1rquez, Carmen Balcells, adelant\u00f3 este lunes en declaraciones a medios locales de prensa que el libro en formato electr\u00f3nico se presentar\u00e1 con la portada inicial de Cien a\u00f1os de soledad: un gale\u00f3n en la selva colombiana.<\/span><\/p>\n<\/p>\n<p><span class=\"text1noticias\">Balcells se\u00f1al\u00f3 que por el momento la obra se publicar\u00e1 en el ciber-espacio solo en espa\u00f1ol. El libro electr\u00f3nico es un mercado sin fronteras y todo se har\u00e1 despacio, acot\u00f3.<\/span><\/p>\n<\/p>\n<p><span class=\"text1noticias\">Adem\u00e1s, la jornada conmemorar\u00e1 los 45 a\u00f1os de publicaci\u00f3n de una obra que naci\u00f3 en Macondo, ese territorio maravilloso donde todo puede ocurrir y nada es imposible.<\/span><\/p>\n<\/p>\n<p><span class=\"text1noticias\">Esta ser\u00eda el cuarto libro de Garc\u00eda M\u00e1rquez en la red de redes, donde ya est\u00e1n Relato de un n\u00e1ufrago, Todos los cuentos y Vivir para contarla.<\/span><\/p>\n<\/p>\n<p><span class=\"text1noticias\">Nacido el 6 de marzo en 1927 en Aracataca, en el Caribe colombiano, Gabo desde su primera novela, La hojarasca (1955) -antes hab\u00eda escrito cuentos- ha conseguido cautivar e hipnotizar a sus lectores desde su primera p\u00e1gina.<\/span><\/p>\n<h6> 2012-03-05 19:05:44 <\/h6>\n<p><!--\n<link rel=\"stylesheet\" href=\"css\/bootstrap.min.css\">\n\n\n<ul class=\"pagination\">\n\t    \n\t\n\n<li >\n\t<a href='?page_no=17819'>Previous<\/a>\n\t<\/li>\n\n\n       \n    \n\n<li><a href='?page_no=1'>1<\/a><\/li>\n\n\n\n<li><a href='?page_no=2'>2<\/a><\/li>\n\n\n\n<li><a>...<\/a><\/li>\n\n\n\n<li><a href='?page_no=17818'>17818<\/a><\/li>\n\n\n\n<li><a href='?page_no=17819'>17819<\/a><\/li>\n\n\n\n<li class='active'><a>17820<\/a><\/li>\n\n\n\n<li><a href='?page_no=17821'>17821<\/a><\/li>\n\n\n\n<li><a href='?page_no=17822'>17822<\/a><\/li>\n\n\n\n<li><a>...<\/a><\/li>\n\n\n\n<li><a href='?page_no=22911'>22911<\/a><\/li>\n\n\n\n<li><a href='?page_no=22912'>22912<\/a><\/li>\n\n    \n\t\n\n<li >\n\t<a href='?page_no=17821'>Next<\/a>\n\t<\/li>\n\n\n    \n\n<li><a href='?page_no=22912'>Last &rsaquo;&rsaquo;<\/a><\/li>\n\n<\/ul>\n\n\n--><br \/>\n<\/body><\/p>\n","protected":false},"excerpt":{"rendered":"<p>Bogot\u00e1, 5 mar (PL) Los lectores de todo el mundo podr\u00e1n acceder a partir de ma\u00f1ana por v\u00eda electr\u00f3nica a Cien a\u00f1os de soledad, considerada la obra m\u00e1s importante del premio Nobel de Literatura colombiano Gabriel Garc\u00eda M\u00e1rquez. En conmemoraci\u00f3n de los 85 a\u00f1os de vida del Gabo, como se le conoce cari\u00f1osamente, la editorial [&hellip;]<\/p>\n","protected":false},"author":3,"featured_media":0,"comment_status":"open","ping_status":"open","sticky":false,"template":"","format":"standard","meta":{"footnotes":""},"categories":[21],"tags":[],"class_list":["post-66142","post","type-post","status-publish","format-standard","hentry","category-cultura"],"_links":{"self":[{"href":"https:\/\/diariodominicano.com\/index.php?rest_route=\/wp\/v2\/posts\/66142","targetHints":{"allow":["GET"]}}],"collection":[{"href":"https:\/\/diariodominicano.com\/index.php?rest_route=\/wp\/v2\/posts"}],"about":[{"href":"https:\/\/diariodominicano.com\/index.php?rest_route=\/wp\/v2\/types\/post"}],"author":[{"embeddable":true,"href":"https:\/\/diariodominicano.com\/index.php?rest_route=\/wp\/v2\/users\/3"}],"replies":[{"embeddable":true,"href":"https:\/\/diariodominicano.com\/index.php?rest_route=%2Fwp%2Fv2%2Fcomments&post=66142"}],"version-history":[{"count":0,"href":"https:\/\/diariodominicano.com\/index.php?rest_route=\/wp\/v2\/posts\/66142\/revisions"}],"wp:attachment":[{"href":"https:\/\/diariodominicano.com\/index.php?rest_route=%2Fwp%2Fv2%2Fmedia&parent=66142"}],"wp:term":[{"taxonomy":"category","embeddable":true,"href":"https:\/\/diariodominicano.com\/index.php?rest_route=%2Fwp%2Fv2%2Fcategories&post=66142"},{"taxonomy":"post_tag","embeddable":true,"href":"https:\/\/diariodominicano.com\/index.php?rest_route=%2Fwp%2Fv2%2Ftags&post=66142"}],"curies":[{"name":"wp","href":"https:\/\/api.w.org\/{rel}","templated":true}]}}