{"id":66141,"date":"2012-03-05T19:13:21","date_gmt":"2012-03-05T19:13:21","guid":{"rendered":"http:\/\/diariodominicano.ddns.net\/?p=66141"},"modified":"2012-03-05T19:13:21","modified_gmt":"2012-03-05T19:13:21","slug":"concurso-de-pintura-infantil-pintemos-nuestras-ballenas","status":"publish","type":"post","link":"https:\/\/diariodominicano.com\/?p=66141","title":{"rendered":"Concurso de pintura infantil \u00abPintemos Nuestras Ballenas\u00bb"},"content":{"rendered":"<p><body><\/p>\n<p><img decoding=\"async\" src=\"img3\/ballenas.JPG\" \/>  <\/p>\n<p><span class=\"text1noticias\">Rep.Dom, 5 de Marzo.-El Grupo Viva Resorts, con su marca Viva Residence, en colaboraci\u00f3n a la Asociaci\u00f3n de Hoteles y Empresas Tur\u00edsticas de Saman\u00e1 (AHETSA) y el Cl\u00faster Tur\u00edstico de Saman\u00e1 (CTS), auspici\u00f3 el concurso de pintura infantil \u00abPintemos Nuestras Ballenas\u00bb, desarrollado en el marco del Festival de la Ballena, que ha servido de escenario a m\u00e1s de 300 ni\u00f1os y ni\u00f1as de la provincia de Saman\u00e1 que plasmaron su imaginaci\u00f3n y creatividad pintando las ballenas y su entorno marino.<\/span><\/p>\n<p><span class=\"text1noticias\"> <\/span><\/p>\n<p><span class=\"text1noticias\">El concurso de pintura infantil se desarroll\u00f3 entre ni\u00f1os hasta los 12 a\u00f1os de edad, del cuarto hasta el sexto nivel de educaci\u00f3n primaria, en m\u00e1s de 10 centros estudiantiles ubicados  en las comunidades de avistamiento de ballenas: Las Galeras, Punta Balandra, Villa Clara, Los Gratin\u00eds, Los Cacaos, Santa B\u00e1rbara de Saman\u00e1 y Las Terrenas.<\/span><\/p>\n<p><span class=\"text1noticias\"> <\/span><\/p>\n<p><span class=\"text1noticias\">El director ejecutivo de Viva Resorts, Rafael Blanco Canto, expres\u00f3 el compromiso social del Grupo tur\u00edstico, en apoyar proyectos que promuevan la protecci\u00f3n del patrimonio natural de las comunidades cercanas a sus propiedades, y la conservaci\u00f3n de las especies marinas.<\/span><\/p>\n<p><span class=\"text1noticias\"> <\/span><\/p>\n<p><span class=\"text1noticias\">Esta iniciativa fue impulsada por el Centro para la Conservaci\u00f3n y Ecodesarrollo de la Bahia de Saman\u00e1 y su Entorno (CEBSE), en apoyo a la educaci\u00f3n y conservaci\u00f3n del ambiente marino, como parte de su Programa de Protecci\u00f3n Ambiental de la USAID y The Nature Conservancy (TNC), que conto adem\u00e1s con la colaboraci\u00f3n y patrocinio de compa\u00f1\u00edas tur\u00edsticas privadas de la zona de Saman\u00e1, a trav\u00e9s de AHETSA.<\/span><\/p>\n<p><span class=\"text1noticias\"> <\/span><\/p>\n<p><span class=\"text1noticias\">\u00abLa Semana Municipal de Apertura de Observaci\u00f3n de Ballenas\u00bb fue declarada por el Ayuntamiento de Santa B\u00e1rbara de Saman\u00e1 a trav\u00e9s de una ordenanza, que determina del 15 al 21 de enero esta festividad, con el objetivo de promover la visitaci\u00f3n para el avistamiento de la ballena jorobada a nuestras aguas y apoyar la conservaci\u00f3n y el respeto hacia este mam\u00edfero marino<\/span>.<\/p>\n<h6> 2012-03-05 19:13:21 <\/h6>\n<p><!--\n<link rel=\"stylesheet\" href=\"css\/bootstrap.min.css\">\n\n\n<ul class=\"pagination\">\n\t    \n\t\n\n<li >\n\t<a href='?page_no=17818'>Previous<\/a>\n\t<\/li>\n\n\n       \n    \n\n<li><a href='?page_no=1'>1<\/a><\/li>\n\n\n\n<li><a href='?page_no=2'>2<\/a><\/li>\n\n\n\n<li><a>...<\/a><\/li>\n\n\n\n<li><a href='?page_no=17817'>17817<\/a><\/li>\n\n\n\n<li><a href='?page_no=17818'>17818<\/a><\/li>\n\n\n\n<li class='active'><a>17819<\/a><\/li>\n\n\n\n<li><a href='?page_no=17820'>17820<\/a><\/li>\n\n\n\n<li><a href='?page_no=17821'>17821<\/a><\/li>\n\n\n\n<li><a>...<\/a><\/li>\n\n\n\n<li><a href='?page_no=22911'>22911<\/a><\/li>\n\n\n\n<li><a href='?page_no=22912'>22912<\/a><\/li>\n\n    \n\t\n\n<li >\n\t<a href='?page_no=17820'>Next<\/a>\n\t<\/li>\n\n\n    \n\n<li><a href='?page_no=22912'>Last &rsaquo;&rsaquo;<\/a><\/li>\n\n<\/ul>\n\n\n--><br \/>\n<\/body><\/p>\n","protected":false},"excerpt":{"rendered":"<p>Rep.Dom, 5 de Marzo.-El Grupo Viva Resorts, con su marca Viva Residence, en colaboraci\u00f3n a la Asociaci\u00f3n de Hoteles y Empresas Tur\u00edsticas de Saman\u00e1 (AHETSA) y el Cl\u00faster Tur\u00edstico de Saman\u00e1 (CTS), auspici\u00f3 el concurso de pintura infantil \u00abPintemos Nuestras Ballenas\u00bb, desarrollado en el marco del Festival de la Ballena, que ha servido de escenario [&hellip;]<\/p>\n","protected":false},"author":3,"featured_media":0,"comment_status":"open","ping_status":"open","sticky":false,"template":"","format":"standard","meta":{"footnotes":""},"categories":[21],"tags":[],"class_list":["post-66141","post","type-post","status-publish","format-standard","hentry","category-cultura"],"_links":{"self":[{"href":"https:\/\/diariodominicano.com\/index.php?rest_route=\/wp\/v2\/posts\/66141","targetHints":{"allow":["GET"]}}],"collection":[{"href":"https:\/\/diariodominicano.com\/index.php?rest_route=\/wp\/v2\/posts"}],"about":[{"href":"https:\/\/diariodominicano.com\/index.php?rest_route=\/wp\/v2\/types\/post"}],"author":[{"embeddable":true,"href":"https:\/\/diariodominicano.com\/index.php?rest_route=\/wp\/v2\/users\/3"}],"replies":[{"embeddable":true,"href":"https:\/\/diariodominicano.com\/index.php?rest_route=%2Fwp%2Fv2%2Fcomments&post=66141"}],"version-history":[{"count":0,"href":"https:\/\/diariodominicano.com\/index.php?rest_route=\/wp\/v2\/posts\/66141\/revisions"}],"wp:attachment":[{"href":"https:\/\/diariodominicano.com\/index.php?rest_route=%2Fwp%2Fv2%2Fmedia&parent=66141"}],"wp:term":[{"taxonomy":"category","embeddable":true,"href":"https:\/\/diariodominicano.com\/index.php?rest_route=%2Fwp%2Fv2%2Fcategories&post=66141"},{"taxonomy":"post_tag","embeddable":true,"href":"https:\/\/diariodominicano.com\/index.php?rest_route=%2Fwp%2Fv2%2Ftags&post=66141"}],"curies":[{"name":"wp","href":"https:\/\/api.w.org\/{rel}","templated":true}]}}