{"id":661403,"date":"2026-01-21T12:40:22","date_gmt":"2026-01-21T16:40:22","guid":{"rendered":"https:\/\/diariodominicano.com\/?p=661403"},"modified":"2026-01-21T12:41:36","modified_gmt":"2026-01-21T16:41:36","slug":"segundo-tribunal-colegiado-de-santo-domingo-este-impone-20-anos-de-prision-a-un-hombre-que-abuso-sexualmente-de-dos-hermanas-en-sde","status":"publish","type":"post","link":"https:\/\/diariodominicano.com\/?p=661403","title":{"rendered":"Segundo Tribunal Colegiado de Santo Domingo Este impone 20 a\u00f1os de prisi\u00f3n a un hombre que abus\u00f3 sexualmente de dos hermanas en SDE"},"content":{"rendered":"\n<figure class=\"wp-block-table\"><table class=\"has-fixed-layout\"><tbody><tr><td class=\"has-text-align-left\" data-align=\"left\"><\/td><td class=\"has-text-align-right\" data-align=\"right\">)<\/td><td class=\"has-text-align-right\" data-align=\"right\"><\/td><td class=\"has-text-align-right\" data-align=\"right\" rowspan=\"2\"><\/td><\/tr><tr><td colspan=\"3\"><img decoding=\"async\" src=\"https:\/\/mail.google.com\/mail\/u\/0\/images\/cleardot.gif\" alt=\"\"><\/td><\/tr><\/tbody><\/table><\/figure>\n\n\n\n<p><strong>SANTO DOMINGO (Rep\u00fablica Dominicana).<\/strong>&#8211; Al acoger la solicitud del Ministerio P\u00fablico, un tribunal impuso 20 a\u00f1os de prisi\u00f3n a un hombre que abus\u00f3 sexualmente de dos hermanas de 10 y 15 a\u00f1os de edad, en un suceso ocurrido en el a\u00f1o 2024, en Santo Domingo Este.<\/p>\n\n\n\n<p><\/p>\n\n\n\n<p>La condena le fue impuesta a \u00c1ngel Manuel D\u00edaz.<\/p>\n\n\n\n<p>El Ministerio P\u00fablico dio inicio al proceso judicial luego de la denuncia realizada por el progenitor de las v\u00edctimas, a quien la adolescente de 15 a\u00f1os le revel\u00f3 lo que le hab\u00eda sucedido y c\u00f3mo descubri\u00f3 que su agresor, amparado en la confianza depositada por su familia, tambi\u00e9n hab\u00eda abusado de su hermana de 10 a\u00f1os.<\/p>\n\n\n\n<p>Ante la denuncia, las v\u00edctimas fueron sometidas a evaluaciones psicol\u00f3gicas, consistentes en pruebas testimoniales, periciales, procesales y documentales, con las cuales se pudo verificar la veracidad de los hechos.<\/p>\n\n\n\n<p>Durante el juicio, el Ministerio P\u00fablico, representado por los fiscales&nbsp; Ana Basora y Francisco Vicio, mostr\u00f3 ante el tribunal suficientes elementos de pruebas que demuestran la responsabilidad penal del procesado por violaci\u00f3n al C\u00f3digo Penal Dominicano y la Ley 136-03, que instituye el C\u00f3digo para Protecci\u00f3n de los Derechos Fundamentales de los Ni\u00f1os, Ni\u00f1as y Adolescentes.<\/p>\n\n\n\n<p>Por decisi\u00f3n del Segundo Tribunal Colegiado de Santo Domingo Este, integrado por los jueces Josefina Ubiera Guerrero, Yury Cuevas de la Cruz e Isa\u00edas R. Mart\u00ednez, el procesado \u00c1ngel Manuel D\u00edaz deber\u00e1 cumplir la condena en el Centro de Correcci\u00f3n y Rehabilitaci\u00f3n Najayo Hombres.<\/p>\n\n\n\n<p><strong>Direcci\u00f3n General de Comunicaci\u00f3n, Prensa, y RRPP<\/strong><strong><\/strong><\/p>\n\n\n\n<p>Ministerio P\u00fablico.&nbsp;R.D.<\/p>\n\n\n\n<p>Mi\u00e9rcoles, 21 de enero de 2026<\/p>\n\n\n\n<p>&#8230;<\/p>\n","protected":false},"excerpt":{"rendered":"<p>) SANTO DOMINGO (Rep\u00fablica Dominicana).&#8211; Al acoger la solicitud del Ministerio P\u00fablico, un tribunal impuso 20 a\u00f1os de prisi\u00f3n a un hombre que abus\u00f3 sexualmente de dos hermanas de 10 y 15 a\u00f1os de edad, en un suceso ocurrido en el a\u00f1o 2024, en Santo Domingo Este. La condena le fue impuesta a \u00c1ngel Manuel [&hellip;]<\/p>\n","protected":false},"author":2,"featured_media":348464,"comment_status":"closed","ping_status":"closed","sticky":false,"template":"","format":"standard","meta":{"footnotes":""},"categories":[24,29,27],"tags":[],"class_list":["post-661403","post","type-post","status-publish","format-standard","has-post-thumbnail","hentry","category-justicia-y-derecho","category-policiasucesos","category-portada"],"_links":{"self":[{"href":"https:\/\/diariodominicano.com\/index.php?rest_route=\/wp\/v2\/posts\/661403","targetHints":{"allow":["GET"]}}],"collection":[{"href":"https:\/\/diariodominicano.com\/index.php?rest_route=\/wp\/v2\/posts"}],"about":[{"href":"https:\/\/diariodominicano.com\/index.php?rest_route=\/wp\/v2\/types\/post"}],"author":[{"embeddable":true,"href":"https:\/\/diariodominicano.com\/index.php?rest_route=\/wp\/v2\/users\/2"}],"replies":[{"embeddable":true,"href":"https:\/\/diariodominicano.com\/index.php?rest_route=%2Fwp%2Fv2%2Fcomments&post=661403"}],"version-history":[{"count":2,"href":"https:\/\/diariodominicano.com\/index.php?rest_route=\/wp\/v2\/posts\/661403\/revisions"}],"predecessor-version":[{"id":661405,"href":"https:\/\/diariodominicano.com\/index.php?rest_route=\/wp\/v2\/posts\/661403\/revisions\/661405"}],"wp:featuredmedia":[{"embeddable":true,"href":"https:\/\/diariodominicano.com\/index.php?rest_route=\/wp\/v2\/media\/348464"}],"wp:attachment":[{"href":"https:\/\/diariodominicano.com\/index.php?rest_route=%2Fwp%2Fv2%2Fmedia&parent=661403"}],"wp:term":[{"taxonomy":"category","embeddable":true,"href":"https:\/\/diariodominicano.com\/index.php?rest_route=%2Fwp%2Fv2%2Fcategories&post=661403"},{"taxonomy":"post_tag","embeddable":true,"href":"https:\/\/diariodominicano.com\/index.php?rest_route=%2Fwp%2Fv2%2Ftags&post=661403"}],"curies":[{"name":"wp","href":"https:\/\/api.w.org\/{rel}","templated":true}]}}