{"id":66140,"date":"2012-03-05T19:28:43","date_gmt":"2012-03-05T19:28:43","guid":{"rendered":"http:\/\/diariodominicano.ddns.net\/?p=66140"},"modified":"2012-03-05T19:28:43","modified_gmt":"2012-03-05T19:28:43","slug":"villas-del-mar-internacional-school-celebra-festival-bailes-dominicanos","status":"publish","type":"post","link":"https:\/\/diariodominicano.com\/?p=66140","title":{"rendered":"Villas del Mar Internacional School celebra Festival Bailes Dominicanos"},"content":{"rendered":"<p><body><\/p>\n<p><img decoding=\"async\" src=\"img3\/baile.JPG\" \/>  <\/p>\n<p><span class=\"text1noticias\">Rep.Dom, 5 de Marzo.-  En ocasi\u00f3n de celebrar el mes de la Patria, alumnos y alumnas del Villas del Mar Internacional School festejaron por octavo a\u00f1o consecutivo la Semana Dominicana.<\/span><\/p>\n<\/p>\n<p><span class=\"text1noticias\">El festejo cont\u00f3 con una serie de actividades alusivas a la celebraci\u00f3n de las Fiestas Patrias, destac\u00e1ndose el VIII Festival de Bailes y Comidas Dominicanas, donde los estudiantes presentaron a las familias  demostraciones de los diferentes ritmos dominicanos y platos t\u00edpicos del pa\u00eds.<\/span><\/p>\n<p><span class=\"text1noticias\"> <\/span><\/p>\n<p><span class=\"text1noticias\">Los alumnos y alumnas exhibieron en un stand una diversidad de alimentos y bebidas t\u00edpicos entre estos: guarapo de ca\u00f1a, yaniqueques, coconetes, frio frio, agua de coco, arroz con leche, habichuela con dulces y otros.<\/span><\/p>\n<p><span class=\"text1noticias\"> <\/span><\/p>\n<p><span class=\"text1noticias\">As\u00ed mismo los estudiantes a ritmo de g\u00fcira, tambora y acorde\u00f3n, bailaron los ritmos criollos resaltando la Mangulina, el Carabine, Merengue y Pambiche demoostrando  creatividad e ingeniero al ejecutar sus bailes.<\/span><\/p>\n<p><span class=\"text1noticias\"> <\/span><\/p>\n<p><span class=\"text1noticias\">La presentaci\u00f3n de los muchachos fue evaluada por un jurado que premi\u00f3 la mejor coreograf\u00eda, mejor traje t\u00edpico y el grupo con mayor creatividad. Los ganadores recibieron placas, certificados y trofeos como premio.<\/span><\/p>\n<p><span class=\"text1noticias\"> <\/span><\/p>\n<p><span class=\"text1noticias\">A la actividad asistieron padres, amigos y ex alumnos del Villas del Mar School quienes desfrutaron de una velada colorida y emotiva donde en todo momento se destac\u00f3 la dominicanidad y el orgullo por lo nuestro<\/span>.<\/p>\n<h6> 2012-03-05 19:28:43 <\/h6>\n<p><!--\n<link rel=\"stylesheet\" href=\"css\/bootstrap.min.css\">\n\n\n<ul class=\"pagination\">\n\t    \n\t\n\n<li >\n\t<a href='?page_no=17817'>Previous<\/a>\n\t<\/li>\n\n\n       \n    \n\n<li><a href='?page_no=1'>1<\/a><\/li>\n\n\n\n<li><a href='?page_no=2'>2<\/a><\/li>\n\n\n\n<li><a>...<\/a><\/li>\n\n\n\n<li><a href='?page_no=17816'>17816<\/a><\/li>\n\n\n\n<li><a href='?page_no=17817'>17817<\/a><\/li>\n\n\n\n<li class='active'><a>17818<\/a><\/li>\n\n\n\n<li><a href='?page_no=17819'>17819<\/a><\/li>\n\n\n\n<li><a href='?page_no=17820'>17820<\/a><\/li>\n\n\n\n<li><a>...<\/a><\/li>\n\n\n\n<li><a href='?page_no=22911'>22911<\/a><\/li>\n\n\n\n<li><a href='?page_no=22912'>22912<\/a><\/li>\n\n    \n\t\n\n<li >\n\t<a href='?page_no=17819'>Next<\/a>\n\t<\/li>\n\n\n    \n\n<li><a href='?page_no=22912'>Last &rsaquo;&rsaquo;<\/a><\/li>\n\n<\/ul>\n\n\n--><br \/>\n<\/body><\/p>\n","protected":false},"excerpt":{"rendered":"<p>Rep.Dom, 5 de Marzo.- En ocasi\u00f3n de celebrar el mes de la Patria, alumnos y alumnas del Villas del Mar Internacional School festejaron por octavo a\u00f1o consecutivo la Semana Dominicana. El festejo cont\u00f3 con una serie de actividades alusivas a la celebraci\u00f3n de las Fiestas Patrias, destac\u00e1ndose el VIII Festival de Bailes y Comidas Dominicanas, [&hellip;]<\/p>\n","protected":false},"author":3,"featured_media":0,"comment_status":"open","ping_status":"open","sticky":false,"template":"","format":"standard","meta":{"footnotes":""},"categories":[21],"tags":[],"class_list":["post-66140","post","type-post","status-publish","format-standard","hentry","category-cultura"],"_links":{"self":[{"href":"https:\/\/diariodominicano.com\/index.php?rest_route=\/wp\/v2\/posts\/66140","targetHints":{"allow":["GET"]}}],"collection":[{"href":"https:\/\/diariodominicano.com\/index.php?rest_route=\/wp\/v2\/posts"}],"about":[{"href":"https:\/\/diariodominicano.com\/index.php?rest_route=\/wp\/v2\/types\/post"}],"author":[{"embeddable":true,"href":"https:\/\/diariodominicano.com\/index.php?rest_route=\/wp\/v2\/users\/3"}],"replies":[{"embeddable":true,"href":"https:\/\/diariodominicano.com\/index.php?rest_route=%2Fwp%2Fv2%2Fcomments&post=66140"}],"version-history":[{"count":0,"href":"https:\/\/diariodominicano.com\/index.php?rest_route=\/wp\/v2\/posts\/66140\/revisions"}],"wp:attachment":[{"href":"https:\/\/diariodominicano.com\/index.php?rest_route=%2Fwp%2Fv2%2Fmedia&parent=66140"}],"wp:term":[{"taxonomy":"category","embeddable":true,"href":"https:\/\/diariodominicano.com\/index.php?rest_route=%2Fwp%2Fv2%2Fcategories&post=66140"},{"taxonomy":"post_tag","embeddable":true,"href":"https:\/\/diariodominicano.com\/index.php?rest_route=%2Fwp%2Fv2%2Ftags&post=66140"}],"curies":[{"name":"wp","href":"https:\/\/api.w.org\/{rel}","templated":true}]}}