{"id":66137,"date":"2012-03-06T17:21:18","date_gmt":"2012-03-06T17:21:18","guid":{"rendered":"http:\/\/diariodominicano.ddns.net\/?p=66137"},"modified":"2012-03-06T17:21:18","modified_gmt":"2012-03-06T17:21:18","slug":"como-pueden-los-jovenes-contribuir-activamente-a-la-proteccion-y-conservacion-de-los-sitios-del-patrimonio-mundial","status":"publish","type":"post","link":"https:\/\/diariodominicano.com\/?p=66137","title":{"rendered":"\u00bfC\u00f3mo pueden los j\u00f3venes contribuir activamente a la Protecci\u00f3n y Conservaci\u00f3n de los Sitios del Patrimonio Mundial?"},"content":{"rendered":"<p><body><\/p>\n<p><span class=\"text1noticias\">Santo Domingo, RD, 6 marzo.- La Comisi\u00f3n Nacional Dominicana para la UNESCO y la Oficina de Patrimonio Cultural del Gobierno de Noruega convocan a j\u00f3venes menores de 20 a\u00f1os, al Concurso Internacional de video o fotograf\u00eda para la protecci\u00f3n y conservaci\u00f3n del Patrimonio Mundial con el tema: \u00bfC\u00f3mo pueden los j\u00f3venes contribuir activamente a la Protecci\u00f3n y Conservaci\u00f3n de los Sitios del Patrimonio Mundial?<\/span><\/p>\n<\/p>\n<p><span class=\"text1noticias\">Para celebrar el 40\u00ba Aniversario de la Convenci\u00f3n del Patrimonio Mundial de la UNESCO se llevar\u00e1 a cabo, como una de las actividades conmemorativas, la conferencia \u00abViviendo con el Patrimonio Mundial\u00bb que tendr\u00e1 lugar en R\u00f8ros, Noruega, del 14 al 16 de mayo de 2012. <\/span><\/p>\n<\/p>\n<p><span class=\"text1noticias\">Te animamos a dise\u00f1ar un v\u00eddeo o unas fotograf\u00edas originales y a envi\u00e1rnoslas! Haciendo esto, puedes compartir tus ideas con gente de otros Sitios Patrimonio Mundial.<\/span><\/p>\n<p><span class=\"text1noticias\"> <\/span><\/p>\n<p><span class=\"text1noticias\">\u00bfQuieres hacerle llegar un importante mensaje a los que toman las decisiones?<\/span><\/p>\n<p><span class=\"text1noticias\">\u00a1Haznos re\u00edr, si es posible! Utiliza tu imaginaci\u00f3n, y encuentra una manera original de compartir tus ideas. Puedes escenificar tu mensaje o utilizar m\u00fasica o baile en tu video o en tus fotos.<\/span><\/p>\n<p><span class=\"text1noticias\">Plazo de entrega: 23 de marzo de 2012<\/span>.<\/p>\n<\/p>\n<p>Env\u00eda tu propuesta a: cndu.difusion@gmail.com, atenci\u00f3n: Kenia Moreno<\/p>\n<\/p>\n<p>Para ampliar informaci\u00f3n sobre las bases del concurso descargar nota informativa anexa. <\/p>\n<h6> 2012-03-06 17:21:18 <\/h6>\n<p><!--\n<link rel=\"stylesheet\" href=\"css\/bootstrap.min.css\">\n\n\n<ul class=\"pagination\">\n\t    \n\t\n\n<li >\n\t<a href='?page_no=17814'>Previous<\/a>\n\t<\/li>\n\n\n       \n    \n\n<li><a href='?page_no=1'>1<\/a><\/li>\n\n\n\n<li><a href='?page_no=2'>2<\/a><\/li>\n\n\n\n<li><a>...<\/a><\/li>\n\n\n\n<li><a href='?page_no=17813'>17813<\/a><\/li>\n\n\n\n<li><a href='?page_no=17814'>17814<\/a><\/li>\n\n\n\n<li class='active'><a>17815<\/a><\/li>\n\n\n\n<li><a href='?page_no=17816'>17816<\/a><\/li>\n\n\n\n<li><a href='?page_no=17817'>17817<\/a><\/li>\n\n\n\n<li><a>...<\/a><\/li>\n\n\n\n<li><a href='?page_no=22911'>22911<\/a><\/li>\n\n\n\n<li><a href='?page_no=22912'>22912<\/a><\/li>\n\n    \n\t\n\n<li >\n\t<a href='?page_no=17816'>Next<\/a>\n\t<\/li>\n\n\n    \n\n<li><a href='?page_no=22912'>Last &rsaquo;&rsaquo;<\/a><\/li>\n\n<\/ul>\n\n\n--><br \/>\n<\/body><\/p>\n","protected":false},"excerpt":{"rendered":"<p>Santo Domingo, RD, 6 marzo.- La Comisi\u00f3n Nacional Dominicana para la UNESCO y la Oficina de Patrimonio Cultural del Gobierno de Noruega convocan a j\u00f3venes menores de 20 a\u00f1os, al Concurso Internacional de video o fotograf\u00eda para la protecci\u00f3n y conservaci\u00f3n del Patrimonio Mundial con el tema: \u00bfC\u00f3mo pueden los j\u00f3venes contribuir activamente a la [&hellip;]<\/p>\n","protected":false},"author":3,"featured_media":0,"comment_status":"open","ping_status":"open","sticky":false,"template":"","format":"standard","meta":{"footnotes":""},"categories":[21],"tags":[],"class_list":["post-66137","post","type-post","status-publish","format-standard","hentry","category-cultura"],"_links":{"self":[{"href":"https:\/\/diariodominicano.com\/index.php?rest_route=\/wp\/v2\/posts\/66137","targetHints":{"allow":["GET"]}}],"collection":[{"href":"https:\/\/diariodominicano.com\/index.php?rest_route=\/wp\/v2\/posts"}],"about":[{"href":"https:\/\/diariodominicano.com\/index.php?rest_route=\/wp\/v2\/types\/post"}],"author":[{"embeddable":true,"href":"https:\/\/diariodominicano.com\/index.php?rest_route=\/wp\/v2\/users\/3"}],"replies":[{"embeddable":true,"href":"https:\/\/diariodominicano.com\/index.php?rest_route=%2Fwp%2Fv2%2Fcomments&post=66137"}],"version-history":[{"count":0,"href":"https:\/\/diariodominicano.com\/index.php?rest_route=\/wp\/v2\/posts\/66137\/revisions"}],"wp:attachment":[{"href":"https:\/\/diariodominicano.com\/index.php?rest_route=%2Fwp%2Fv2%2Fmedia&parent=66137"}],"wp:term":[{"taxonomy":"category","embeddable":true,"href":"https:\/\/diariodominicano.com\/index.php?rest_route=%2Fwp%2Fv2%2Fcategories&post=66137"},{"taxonomy":"post_tag","embeddable":true,"href":"https:\/\/diariodominicano.com\/index.php?rest_route=%2Fwp%2Fv2%2Ftags&post=66137"}],"curies":[{"name":"wp","href":"https:\/\/api.w.org\/{rel}","templated":true}]}}