{"id":66136,"date":"2012-03-06T17:29:18","date_gmt":"2012-03-06T17:29:18","guid":{"rendered":"http:\/\/diariodominicano.ddns.net\/?p=66136"},"modified":"2012-03-06T17:29:18","modified_gmt":"2012-03-06T17:29:18","slug":"fundacion-sinfonia-presentara-concierto-de-primavera-con-virtuoso-violinista-philippe-quint","status":"publish","type":"post","link":"https:\/\/diariodominicano.com\/?p=66136","title":{"rendered":"Fundaci\u00f3n Sinfon\u00eda presentar\u00e1 concierto de primavera con virtuoso violinista Philippe Quint"},"content":{"rendered":"<p><body><\/p>\n<p><img decoding=\"async\" src=\"img3\/violinista Philippe Quint blancoynegro.JPG\" \/><br \/><img decoding=\"async\" src=\"img3\/violinista Philippe Quint.JPG\" \/>  <\/p>\n<p><span class=\"text1noticias\"> <\/span><\/p>\n<p><span class=\"text1noticias\">Santo Domingo, RD, 6 marzo.- La Fundaci\u00f3n Sinfon\u00eda, conjuntamente con el Ministerio de Cultura, anunciaron el concierto de primavera con la presentaci\u00f3n del  violinista de origen ruso Philippe Quint, bajo la direcci\u00f3n del maestro Philippe Entremont y acompa\u00f1ados de la Orquesta Sinf\u00f3nica Nacional (OSN).<\/span><\/p>\n<p><span class=\"text1noticias\"> <\/span><\/p>\n<p><span class=\"text1noticias\">La presentaci\u00f3n tendr\u00e1 lugar el martes 27 de marzo en la Sala Carlos Piantini del Teatro Nacional Eduardo Brito.<\/span><\/p>\n<\/p>\n<p><span class=\"text1noticias\">Nominado en dos ocasiones al Grammy, en recientes a\u00f1os el violinista Philippe Quint  ha surgido como uno de los pocos solistas en combinar un notable grado de lirismo, poes\u00eda e impecable virtuosidad.  Ha cautivado los ojos y o\u00eddos del p\u00fablico de Asia, Australia, Latinoam\u00e9rica, \u00c1frica, Europa y los Estados Unidos con lo que el \u00abTimes\u00bb de Londres describe como su \u00abt\u00e9cnica bravura e incansable energ\u00eda\u00bb.<\/span><\/p>\n<\/p>\n<p><span class=\"text1noticias\">Philippe Quint estudi\u00f3 en la Escuela Especial de M\u00fasica para Dotados de Mosc\u00fa con el famoso violinista ruso Andrei Korsakov e hizo su debut orquestal a la edad de nueve a\u00f1os, tocando el Concierto No. 2 de Wieniawski. Despu\u00e9s de emigrar a  Estados Unidos obtuvo el grado de Bachiller y Maestr\u00eda de Juilliard. Sus distinguidos pedagogos incluyen a Dorothy Delay, Cho-Liang Lin, Masao Kawasaki y Felix Galimir.  Tambi\u00e9n estudi\u00f3 y particip\u00f3 en clases magistrales con Isaac Stern, Itzak Perlman y Arnold Steinhardt.<\/span><\/p>\n<\/p>\n<p><span class=\"text1noticias\">En adici\u00f3n a su demandante carrera musical, recientemente Philippe Quint  ha comenzado a explorar roles en el cine y el teatro.  En 2010 complet\u00f3 la filmaci\u00f3n de Downtown Express, una nueva pel\u00edcula del director David Grubin,  ganador de m\u00faltiples premios Peabody y Emmy, producida por Michael Hausman (Brokeback Mountain, Gangs of New York, Amadeus) y como co-estrella Nellie McKay, cantante y compositora. Aunque ha habido una larga tradici\u00f3n de artistas participando en la pantalla grande interpret\u00e1ndose a ellos mismos o a violinistas del pasado, el rol de Quint en Downtown Express marca la primera vez que un m\u00fasico cl\u00e1sico interpreta el rol estelar en una pel\u00edcula independiente norteamericana.  <\/span><\/p>\n<\/p>\n<p><span class=\"text1noticias\">El programa del concierto est\u00e1 integrado por la Polonesa de \u00abEugenio Onegin\u00bb y la Sinfon\u00eda No. 5 de Tchaikovsky y el Concierto No. 1 para viol\u00edn y orquesta de Max Bruch.<\/span><\/p>\n<\/p>\n<p><span class=\"text1noticias\">Las boletas para el concierto est\u00e1n a la venta en las oficinas de la Fundaci\u00f3n Sinfon\u00eda y en la boleter\u00eda del Teatro Nacional.<\/span><\/p>\n<\/p>\n<p><span class=\"text1noticias\"> <\/span><\/p>\n<p><span class=\"text1noticias\">Acerca de Fundaci\u00f3n Sinfon\u00eda<\/span><\/p>\n<p><span class=\"text1noticias\">La Fundaci\u00f3n SINFON\u00cdA es una organizaci\u00f3n privada sin fines de lucro, creada por iniciativa de un grupo de amantes de la m\u00fasica en 1986 con el prop\u00f3sito de colaborar con la consolidaci\u00f3n y proyecci\u00f3n de la Orquesta Sinf\u00f3nica Nacional y la promoci\u00f3n de la m\u00fasica cl\u00e1sica en la Rep\u00fablica Dominicana. Trabaja estrechamente con el Ministerio de Cultura.<\/span><\/p>\n<\/p>\n<p><span class=\"text1noticias\">La exitosa gesti\u00f3n de la Fundaci\u00f3n Sinfon\u00eda ha enriquecido la vida musical de la naci\u00f3n, invitando solistas, directores y artistas de fama internacional, quienes alternan con los m\u00e1s distinguidos m\u00fasicos y artistas cl\u00e1sicos nacionales, una meta que alcanza su cima cada dos a\u00f1os con el Festival Musical de Santo Domingo<\/span>.<\/p>\n<h6> 2012-03-06 17:29:18 <\/h6>\n<p><!--\n<link rel=\"stylesheet\" href=\"css\/bootstrap.min.css\">\n\n\n<ul class=\"pagination\">\n\t    \n\t\n\n<li >\n\t<a href='?page_no=17813'>Previous<\/a>\n\t<\/li>\n\n\n       \n    \n\n<li><a href='?page_no=1'>1<\/a><\/li>\n\n\n\n<li><a href='?page_no=2'>2<\/a><\/li>\n\n\n\n<li><a>...<\/a><\/li>\n\n\n\n<li><a href='?page_no=17812'>17812<\/a><\/li>\n\n\n\n<li><a href='?page_no=17813'>17813<\/a><\/li>\n\n\n\n<li class='active'><a>17814<\/a><\/li>\n\n\n\n<li><a href='?page_no=17815'>17815<\/a><\/li>\n\n\n\n<li><a href='?page_no=17816'>17816<\/a><\/li>\n\n\n\n<li><a>...<\/a><\/li>\n\n\n\n<li><a href='?page_no=22911'>22911<\/a><\/li>\n\n\n\n<li><a href='?page_no=22912'>22912<\/a><\/li>\n\n    \n\t\n\n<li >\n\t<a href='?page_no=17815'>Next<\/a>\n\t<\/li>\n\n\n    \n\n<li><a href='?page_no=22912'>Last &rsaquo;&rsaquo;<\/a><\/li>\n\n<\/ul>\n\n\n--><br \/>\n<\/body><\/p>\n","protected":false},"excerpt":{"rendered":"<p>Santo Domingo, RD, 6 marzo.- La Fundaci\u00f3n Sinfon\u00eda, conjuntamente con el Ministerio de Cultura, anunciaron el concierto de primavera con la presentaci\u00f3n del violinista de origen ruso Philippe Quint, bajo la direcci\u00f3n del maestro Philippe Entremont y acompa\u00f1ados de la Orquesta Sinf\u00f3nica Nacional (OSN). La presentaci\u00f3n tendr\u00e1 lugar el martes 27 de marzo en la [&hellip;]<\/p>\n","protected":false},"author":3,"featured_media":0,"comment_status":"open","ping_status":"open","sticky":false,"template":"","format":"standard","meta":{"footnotes":""},"categories":[21],"tags":[],"class_list":["post-66136","post","type-post","status-publish","format-standard","hentry","category-cultura"],"_links":{"self":[{"href":"https:\/\/diariodominicano.com\/index.php?rest_route=\/wp\/v2\/posts\/66136","targetHints":{"allow":["GET"]}}],"collection":[{"href":"https:\/\/diariodominicano.com\/index.php?rest_route=\/wp\/v2\/posts"}],"about":[{"href":"https:\/\/diariodominicano.com\/index.php?rest_route=\/wp\/v2\/types\/post"}],"author":[{"embeddable":true,"href":"https:\/\/diariodominicano.com\/index.php?rest_route=\/wp\/v2\/users\/3"}],"replies":[{"embeddable":true,"href":"https:\/\/diariodominicano.com\/index.php?rest_route=%2Fwp%2Fv2%2Fcomments&post=66136"}],"version-history":[{"count":0,"href":"https:\/\/diariodominicano.com\/index.php?rest_route=\/wp\/v2\/posts\/66136\/revisions"}],"wp:attachment":[{"href":"https:\/\/diariodominicano.com\/index.php?rest_route=%2Fwp%2Fv2%2Fmedia&parent=66136"}],"wp:term":[{"taxonomy":"category","embeddable":true,"href":"https:\/\/diariodominicano.com\/index.php?rest_route=%2Fwp%2Fv2%2Fcategories&post=66136"},{"taxonomy":"post_tag","embeddable":true,"href":"https:\/\/diariodominicano.com\/index.php?rest_route=%2Fwp%2Fv2%2Ftags&post=66136"}],"curies":[{"name":"wp","href":"https:\/\/api.w.org\/{rel}","templated":true}]}}