{"id":66135,"date":"2012-03-06T17:43:22","date_gmt":"2012-03-06T17:43:22","guid":{"rendered":"http:\/\/diariodominicano.ddns.net\/?p=66135"},"modified":"2012-03-06T17:43:22","modified_gmt":"2012-03-06T17:43:22","slug":"mexico-festeja-cumpleanos-de-gabriel-garcia-marquez","status":"publish","type":"post","link":"https:\/\/diariodominicano.com\/?p=66135","title":{"rendered":"M\u00e9xico festeja cumplea\u00f1os de Gabriel Garc\u00eda M\u00e1rquez"},"content":{"rendered":"<p><body><\/p>\n<p><img decoding=\"async\" src=\"img3\/gabriel garcia marquez.jpg\" \/>  <\/p>\n<p><span class=\"text1noticias\">M\u00e9xico, 6 mar (PL).-  Como parte de los festejos en M\u00e9xico por los 85 a\u00f1os del escritor colombiano Gabriel Garc\u00eda M\u00e1rquez, publicar\u00e1n hoy aqu\u00ed en formato digital su obra cumbre Cien a\u00f1os de soledad, que lo hizo merecedor del Premio Nobel de Literatura en 1982.<\/span><\/p>\n<\/p>\n<p><span class=\"text1noticias\">La publicaci\u00f3n la hacen conjuntamente el grupo editorial Random House y la empresa espa\u00f1ola Leer-e, dedicada a la distribuci\u00f3n de contenidos para lectura digital.<\/span><\/p>\n<\/p>\n<p><span class=\"text1noticias\">Qui\u00e9n no ha so\u00f1ado alguna vez con el legendario Macondo, aquel sitio sumergido en el realismo m\u00e1gico donde llov\u00eda de forma interminable, o con la familia Buend\u00eda y Remedios con sus flores amarillas.<\/span><\/p>\n<\/p>\n<p><span class=\"text1noticias\">Cien a\u00f1os de soledad se ha ganado un merecido puesto en la literatura mundial. Una edici\u00f3n conmemorativa del libro se coloc\u00f3 la pasada semana en el segundo lugar de la lista de los m\u00e1s vendidos en el pa\u00eds.<\/span><\/p>\n<\/p>\n<p><span class=\"text1noticias\">Adem\u00e1s de esta joya literaria, otras tres obras de Garc\u00eda M\u00e1rquez fueron digitalizadas: Relato de un n\u00e1ufrago, Todos los cuentos y Vivir para contarla, seg\u00fan confirm\u00f3 un comunicado del Consejo Nacional para la Cultura y las Artes.<\/span><\/p>\n<\/p>\n<p><span class=\"text1noticias\">De otro lado, estudiantes de una secundaria en Cualiac\u00e1n (capital del Estado de Sinaloa) iniciaron ayer la lectura ininterrumpida de Cien a\u00f1os de soledad en lo que denominaron el inicio de la fiesta dedicada al escritor, con quien mantienen intercambios peri\u00f3dicos de correspondencia.<\/span><\/p>\n<\/p>\n<p><span class=\"text1noticias\">Mientras en la clausura del Festival Internacional de Cine de Guadalajara, el pr\u00f3ximo 10 de marzo, est\u00e1 programado el estreno de Memoria de mis putas tristes, basada en el texto hom\u00f3nimo de Garc\u00eda M\u00e1rquez.<\/span><\/p>\n<\/p>\n<p><span class=\"text1noticias\">Pero la celebraci\u00f3n comenz\u00f3 hace varios d\u00edas en el capitalino Palacio de Bellas Artes, a prop\u00f3sito de las tres d\u00e9cadas de que el colombiano ganara el Premio Nobel.<\/span><\/p>\n<\/p>\n<p><span class=\"text1noticias\">Traducida en 35 idiomas y con m\u00e1s de 20 millones de ejemplares vendidos, la novela en este formato se comercializar\u00e1 aqu\u00ed en 89 pesos (poco m\u00e1s de siete d\u00f3lares).<\/span><\/p>\n<\/p>\n<p><span class=\"text1noticias\">Seg\u00fan destacan medios de prensa, 2012 es el a\u00f1o tambi\u00e9n en que llega a sus seis d\u00e9cadas el primer cuento de Garc\u00eda M\u00e1rquez: La tercera resignaci\u00f3n; arriba a los 45 Cien a\u00f1os de soledad y hace 10 que empez\u00f3 a publicar sus memorias, Vivir para contarla.<\/span><\/p>\n<\/p>\n<p><span class=\"text1noticias\">Considerado uno de los escritores contempor\u00e1neos imprescindibles y el m\u00e1s le\u00eddo del siglo XX, Gabo, como cari\u00f1osamente le llaman, naci\u00f3 el 6 de marzo de 1927, en un pueblo de la costa atl\u00e1ntica colombiana nombrado Aracataca<\/span>.<\/p>\n<h6> 2012-03-06 17:43:22 <\/h6>\n<p><!--\n<link rel=\"stylesheet\" href=\"css\/bootstrap.min.css\">\n\n\n<ul class=\"pagination\">\n\t    \n\t\n\n<li >\n\t<a href='?page_no=17812'>Previous<\/a>\n\t<\/li>\n\n\n       \n    \n\n<li><a href='?page_no=1'>1<\/a><\/li>\n\n\n\n<li><a href='?page_no=2'>2<\/a><\/li>\n\n\n\n<li><a>...<\/a><\/li>\n\n\n\n<li><a href='?page_no=17811'>17811<\/a><\/li>\n\n\n\n<li><a href='?page_no=17812'>17812<\/a><\/li>\n\n\n\n<li class='active'><a>17813<\/a><\/li>\n\n\n\n<li><a href='?page_no=17814'>17814<\/a><\/li>\n\n\n\n<li><a href='?page_no=17815'>17815<\/a><\/li>\n\n\n\n<li><a>...<\/a><\/li>\n\n\n\n<li><a href='?page_no=22911'>22911<\/a><\/li>\n\n\n\n<li><a href='?page_no=22912'>22912<\/a><\/li>\n\n    \n\t\n\n<li >\n\t<a href='?page_no=17814'>Next<\/a>\n\t<\/li>\n\n\n    \n\n<li><a href='?page_no=22912'>Last &rsaquo;&rsaquo;<\/a><\/li>\n\n<\/ul>\n\n\n--><br \/>\n<\/body><\/p>\n","protected":false},"excerpt":{"rendered":"<p>M\u00e9xico, 6 mar (PL).- Como parte de los festejos en M\u00e9xico por los 85 a\u00f1os del escritor colombiano Gabriel Garc\u00eda M\u00e1rquez, publicar\u00e1n hoy aqu\u00ed en formato digital su obra cumbre Cien a\u00f1os de soledad, que lo hizo merecedor del Premio Nobel de Literatura en 1982. La publicaci\u00f3n la hacen conjuntamente el grupo editorial Random House [&hellip;]<\/p>\n","protected":false},"author":3,"featured_media":0,"comment_status":"open","ping_status":"open","sticky":false,"template":"","format":"standard","meta":{"footnotes":""},"categories":[21],"tags":[],"class_list":["post-66135","post","type-post","status-publish","format-standard","hentry","category-cultura"],"_links":{"self":[{"href":"https:\/\/diariodominicano.com\/index.php?rest_route=\/wp\/v2\/posts\/66135","targetHints":{"allow":["GET"]}}],"collection":[{"href":"https:\/\/diariodominicano.com\/index.php?rest_route=\/wp\/v2\/posts"}],"about":[{"href":"https:\/\/diariodominicano.com\/index.php?rest_route=\/wp\/v2\/types\/post"}],"author":[{"embeddable":true,"href":"https:\/\/diariodominicano.com\/index.php?rest_route=\/wp\/v2\/users\/3"}],"replies":[{"embeddable":true,"href":"https:\/\/diariodominicano.com\/index.php?rest_route=%2Fwp%2Fv2%2Fcomments&post=66135"}],"version-history":[{"count":0,"href":"https:\/\/diariodominicano.com\/index.php?rest_route=\/wp\/v2\/posts\/66135\/revisions"}],"wp:attachment":[{"href":"https:\/\/diariodominicano.com\/index.php?rest_route=%2Fwp%2Fv2%2Fmedia&parent=66135"}],"wp:term":[{"taxonomy":"category","embeddable":true,"href":"https:\/\/diariodominicano.com\/index.php?rest_route=%2Fwp%2Fv2%2Fcategories&post=66135"},{"taxonomy":"post_tag","embeddable":true,"href":"https:\/\/diariodominicano.com\/index.php?rest_route=%2Fwp%2Fv2%2Ftags&post=66135"}],"curies":[{"name":"wp","href":"https:\/\/api.w.org\/{rel}","templated":true}]}}