{"id":66134,"date":"2012-03-06T18:50:08","date_gmt":"2012-03-06T18:50:08","guid":{"rendered":"http:\/\/diariodominicano.ddns.net\/?p=66134"},"modified":"2012-03-06T18:50:08","modified_gmt":"2012-03-06T18:50:08","slug":"ocho-personalidades-recibiran-premio-personalidad-cultural","status":"publish","type":"post","link":"https:\/\/diariodominicano.com\/?p=66134","title":{"rendered":"Ocho personalidades recibir\u00e1n premio Personalidad Cultural"},"content":{"rendered":"<p><body><\/p>\n<p><img decoding=\"async\" src=\"img3\/WADDY.JPG\" \/>  <\/p>\n<p><span class=\"text1noticias\">El galard\u00f3n, creado en el 2007 por el Ministerio de Cultura, se entregar\u00e1 el pr\u00f3ximo jueves 15 de marzo en el Teatro Nacional.<\/span><\/p>\n<\/p>\n<p><span class=\"text1noticias\">Rep.Dom, 6 de Marzo.-El Ministerio de Cultura realizar\u00e1 el pr\u00f3ximo 15 de marzo, el acto de entrega del Premio Personalidad Cultural, correspondiente en esta ocasi\u00f3n al a\u00f1o 2011, \u00abcon el cual se reconoce y estimula las mejores acciones y los mejores prop\u00f3sitos de personas que contribuyen, de manera efectiva, al desarrollo y proyecci\u00f3n de la cultura dominicana\u00bb.<\/span><\/p>\n<\/p>\n<p><span class=\"text1noticias\">El premio, que se entrega en su quinta edici\u00f3n, honrar\u00e1 este a\u00f1o a ocho personalidades en los campos del teatro, la m\u00fasica, la direcci\u00f3n orquestal, el cine, la literatura y el periodismo cultural.<\/span><\/p>\n<\/p>\n<p><span class=\"text1noticias\">El acto tendr\u00e1 lugar el 15 de marzo, a las 6 de la tarde, en la Sala Aida Bonelly de D\u00edaz, del Teatro Nacional Eduardo Brito.<\/span><\/p>\n<\/p>\n<p><span class=\"text1noticias\">Las personalidades a ser honradas este a\u00f1o con este codiciado lauro, son, el reconocido dramaturgo y actor Waddys J\u00e1quez, premiado por sus logros a nivel nacional e internacional, y por haber dirigido por primera vez la obra teatral \u00a8La barber\u00eda\u00a8 en un teatro de Brodway; y, Virginia S\u00e1nchez Navarro, honrada por \u00abacentuarse su carrera a nivel internacional como actriz, y haber presentado y dirigido en Brodway su primera obra teatral \u00abTrapedd\u00bb.<\/span><\/p>\n<\/p>\n<p><span class=\"text1noticias\">Tambi\u00e9n, Anthony Oca\u00f1a, por su destacada y brillante trayectoria en el extranjero como compositor y guitarrista cl\u00e1sico; y Leonardo de Le\u00f3n, por su labor como guionista y por haber recibido uno de los premios m\u00e1s importantes de Hollywood, Los Angeles Movie Awards 2011, en el rengl\u00f3n \u00abAward of Excellence\u00bb.<\/span><\/p>\n<p><span class=\"text1noticias\"> <\/span><\/p>\n<p><span class=\"text1noticias\">Otros galardonados son los j\u00f3venes hermanos Jos\u00e9 Guillermo Puello y Sarah Leyla Puello, el primero por su alto nivel de superaci\u00f3n en el campo de la m\u00fasica, siendo compositor y director orquestal en Estados Unidos, y la segunda por su brillante carrera profesional en la Universidad de Oxford, donde realiza estudios de una rama de la literatura y donde adem\u00e1s se destaca como editora ejecutiva de la revista \u00abOxonian Review\u00bb.<\/span><\/p>\n<\/p>\n<p><span class=\"text1noticias\">Recibir\u00e1n el importante galard\u00f3n que otorga el Ministerio de Cultura cada a\u00f1o, Santy Rodr\u00edguez, por su exitosa carrera profesional a pesar de su juventud y por ser el primer director de la Filarm\u00f3nica del Cibao; Miskhar  N\u00fa\u00f1ez Mej\u00eda, destacado violinista, de extraordinaria trayectoria musical en Estados Unidos; y Orlando Padilla-Faxas, por su brillante carrera musical, autor de la pieza sinf\u00f3nica \u00abBachata para los Haitises\u00bb.<\/span><\/p>\n<\/p>\n<p><span class=\"text1noticias\">Desde su creaci\u00f3n, el Ministerio de Cultura ha honrado a un total de 45 personalidades, desde que este galard\u00f3n fuese creado en 2007. Ese primer a\u00f1o lo recibieron, entre otros, el empresario Jos\u00e9 Luis Corripio, Rafael Emilio  Yun\u00e9n, Jatna Tav\u00e1rez, Jaime David Fern\u00e1ndez Mirabal, Farida Din\u00e1 y Freddy Ginebra.<\/span><\/p>\n<\/p>\n<p><span class=\"text1noticias\">En el 2008 fueron honrados, la primera dama Margarita Cede\u00f1o de Fern\u00e1ndez, Margarita Copello de Rodr\u00edguez, Juan Luis Guerra, el fenecido fot\u00f3grafo Natalio Puras (Apeco), Julio C\u00e9sar Valent\u00edn, Junot D\u00edaz, Ivonne Haza y Rafael Solano, entre otros.<\/span><\/p>\n<\/p>\n<p><span class=\"text1noticias\">En el 2009, los galardonados fueron Ren\u00e9 Fortunato, Jos\u00e9 Antonio Molina, la violinista Aisha Syed, Mar\u00eda Isabel Bosch y la escritora residente en Nueva York, Dinorah Coronado, entre otros m\u00e1s.<\/span><\/p>\n<\/p>\n<p><span class=\"text1noticias\">El a\u00f1o pasado, en la premiaci\u00f3n correspondiente al 2010, recibieron el galard\u00f3n la arque\u00f3loga Kathleen Mart\u00ednez, el fot\u00f3grafo Domingo Batista, el pianista Michael Camilo, la cineasta Tanya Valette, el profesional dominicano residente en Par\u00eds, Am\u00edn P\u00e9rez, y el m\u00fasico y promotor de bandas de m\u00fasica, Jos\u00e9 Andr\u00e9s Vidal Hern\u00e1ndez<\/span>.<\/p>\n<\/p>\n<h6> 2012-03-06 18:50:08 <\/h6>\n<p><!--\n<link rel=\"stylesheet\" href=\"css\/bootstrap.min.css\">\n\n\n<ul class=\"pagination\">\n\t    \n\t\n\n<li >\n\t<a href='?page_no=17811'>Previous<\/a>\n\t<\/li>\n\n\n       \n    \n\n<li><a href='?page_no=1'>1<\/a><\/li>\n\n\n\n<li><a href='?page_no=2'>2<\/a><\/li>\n\n\n\n<li><a>...<\/a><\/li>\n\n\n\n<li><a href='?page_no=17810'>17810<\/a><\/li>\n\n\n\n<li><a href='?page_no=17811'>17811<\/a><\/li>\n\n\n\n<li class='active'><a>17812<\/a><\/li>\n\n\n\n<li><a href='?page_no=17813'>17813<\/a><\/li>\n\n\n\n<li><a href='?page_no=17814'>17814<\/a><\/li>\n\n\n\n<li><a>...<\/a><\/li>\n\n\n\n<li><a href='?page_no=22911'>22911<\/a><\/li>\n\n\n\n<li><a href='?page_no=22912'>22912<\/a><\/li>\n\n    \n\t\n\n<li >\n\t<a href='?page_no=17813'>Next<\/a>\n\t<\/li>\n\n\n    \n\n<li><a href='?page_no=22912'>Last &rsaquo;&rsaquo;<\/a><\/li>\n\n<\/ul>\n\n\n--><br \/>\n<\/body><\/p>\n","protected":false},"excerpt":{"rendered":"<p>El galard\u00f3n, creado en el 2007 por el Ministerio de Cultura, se entregar\u00e1 el pr\u00f3ximo jueves 15 de marzo en el Teatro Nacional. Rep.Dom, 6 de Marzo.-El Ministerio de Cultura realizar\u00e1 el pr\u00f3ximo 15 de marzo, el acto de entrega del Premio Personalidad Cultural, correspondiente en esta ocasi\u00f3n al a\u00f1o 2011, \u00abcon el cual se [&hellip;]<\/p>\n","protected":false},"author":3,"featured_media":0,"comment_status":"open","ping_status":"open","sticky":false,"template":"","format":"standard","meta":{"footnotes":""},"categories":[21],"tags":[],"class_list":["post-66134","post","type-post","status-publish","format-standard","hentry","category-cultura"],"_links":{"self":[{"href":"https:\/\/diariodominicano.com\/index.php?rest_route=\/wp\/v2\/posts\/66134","targetHints":{"allow":["GET"]}}],"collection":[{"href":"https:\/\/diariodominicano.com\/index.php?rest_route=\/wp\/v2\/posts"}],"about":[{"href":"https:\/\/diariodominicano.com\/index.php?rest_route=\/wp\/v2\/types\/post"}],"author":[{"embeddable":true,"href":"https:\/\/diariodominicano.com\/index.php?rest_route=\/wp\/v2\/users\/3"}],"replies":[{"embeddable":true,"href":"https:\/\/diariodominicano.com\/index.php?rest_route=%2Fwp%2Fv2%2Fcomments&post=66134"}],"version-history":[{"count":0,"href":"https:\/\/diariodominicano.com\/index.php?rest_route=\/wp\/v2\/posts\/66134\/revisions"}],"wp:attachment":[{"href":"https:\/\/diariodominicano.com\/index.php?rest_route=%2Fwp%2Fv2%2Fmedia&parent=66134"}],"wp:term":[{"taxonomy":"category","embeddable":true,"href":"https:\/\/diariodominicano.com\/index.php?rest_route=%2Fwp%2Fv2%2Fcategories&post=66134"},{"taxonomy":"post_tag","embeddable":true,"href":"https:\/\/diariodominicano.com\/index.php?rest_route=%2Fwp%2Fv2%2Ftags&post=66134"}],"curies":[{"name":"wp","href":"https:\/\/api.w.org\/{rel}","templated":true}]}}