{"id":66132,"date":"2012-03-06T21:26:07","date_gmt":"2012-03-06T21:26:07","guid":{"rendered":"http:\/\/diariodominicano.ddns.net\/?p=66132"},"modified":"2012-03-06T21:26:07","modified_gmt":"2012-03-06T21:26:07","slug":"sindico-de-san-luis-motiva-estudiantes-a-cultivar-valores-de-los-padres-de-la-patria","status":"publish","type":"post","link":"https:\/\/diariodominicano.com\/?p=66132","title":{"rendered":"Sindico de San Luis motiva estudiantes a cultivar valores de los padres de la patria"},"content":{"rendered":"<p><body><\/p>\n<p><img decoding=\"async\" src=\"img3\/actividad patriotica.JPG\" \/>  <\/p>\n<p><span class=\"text1noticias\">Rep.Dom, 6 de Marzo.-La Junta Municipal San Luis y el Sindico Rodolfo Valera celebraron por lo alto el mes de la patria con el dep\u00f3sito de una ofrenda floral en los bustos de los padres de la patria, ubicados en el sector Los Prados de San Luis.<\/span><\/p>\n<\/p>\n<p><span class=\"text1noticias\">Posteriormente, se realiz\u00f3 un acto en el centro de San Luis con la participaci\u00f3n de m\u00e1s de diez escuelas y colegios quienes compitieron con la escenificaci\u00f3n de los principales hechos hist\u00f3ricos  esenciales para lograr la libertad de la Rep\u00fablica Dominicana.<\/span><\/p>\n<\/p>\n<p><span class=\"text1noticias\">Este acto patri\u00f3tico, inici\u00f3 con un desfile por la calle Juan Rosario de esta localidad y luego, cada centro educativo puso lo mejor de si para encarnar personales tan importantes como Juan Pablo Duarte, Francisco del Rosario S\u00e1nchez, Ram\u00f3n Mat\u00edas Mella, Concesi\u00f3n Bona, Manuel diez, Pedro Santana, Los Trinitarios, el juramento trinitario, la confecci\u00f3n de la bandera,  entre otros.<\/span><\/p>\n<\/p>\n<p><span class=\"text1noticias\">En ese sentido, el sindico Rodolfo Valera, expres\u00f3 su satisfacci\u00f3n por el resultado de este evento, coordinado por el departamento de cultura de ese ayuntamiento y motivo a los estudiantes y a todos los presentes a aprovechar su juventud e invertir su tiempo en superarse.<\/span><\/p>\n<\/p>\n<p><span class=\"text1noticias\">Resalt\u00f3 y puso como ejemplo al pr\u00f3cer Juan Pablo Duarte quien a su corta edad inici\u00f3 un proyecto de independencia y gracias a su perseverancia, disciplina y esmero  lo logr\u00f3.<\/span><\/p>\n<\/p>\n<p><span class=\"text1noticias\">En tanto que los representantes de los  diferentes centros educativos agradecieron a la Junta Municipal  el empe\u00f1arse en resaltar la obra de los padres de la patria la cual afirman sirve de estimulo a los j\u00f3venes estudiantes quienes duraron varias semanas prepar\u00e1ndose para dicha actividad.<\/span><\/p>\n<\/p>\n<p><span class=\"text1noticias\">Los colegios participantes optaron por 20 mil pesos en premios en \u00fatiles escolares divididos en tres primeros lugares<\/span>.   <\/p>\n<h6> 2012-03-06 21:26:07 <\/h6>\n<p><!--\n<link rel=\"stylesheet\" href=\"css\/bootstrap.min.css\">\n\n\n<ul class=\"pagination\">\n\t    \n\t\n\n<li >\n\t<a href='?page_no=17809'>Previous<\/a>\n\t<\/li>\n\n\n       \n    \n\n<li><a href='?page_no=1'>1<\/a><\/li>\n\n\n\n<li><a href='?page_no=2'>2<\/a><\/li>\n\n\n\n<li><a>...<\/a><\/li>\n\n\n\n<li><a href='?page_no=17808'>17808<\/a><\/li>\n\n\n\n<li><a href='?page_no=17809'>17809<\/a><\/li>\n\n\n\n<li class='active'><a>17810<\/a><\/li>\n\n\n\n<li><a href='?page_no=17811'>17811<\/a><\/li>\n\n\n\n<li><a href='?page_no=17812'>17812<\/a><\/li>\n\n\n\n<li><a>...<\/a><\/li>\n\n\n\n<li><a href='?page_no=22911'>22911<\/a><\/li>\n\n\n\n<li><a href='?page_no=22912'>22912<\/a><\/li>\n\n    \n\t\n\n<li >\n\t<a href='?page_no=17811'>Next<\/a>\n\t<\/li>\n\n\n    \n\n<li><a href='?page_no=22912'>Last &rsaquo;&rsaquo;<\/a><\/li>\n\n<\/ul>\n\n\n--><br \/>\n<\/body><\/p>\n","protected":false},"excerpt":{"rendered":"<p>Rep.Dom, 6 de Marzo.-La Junta Municipal San Luis y el Sindico Rodolfo Valera celebraron por lo alto el mes de la patria con el dep\u00f3sito de una ofrenda floral en los bustos de los padres de la patria, ubicados en el sector Los Prados de San Luis. Posteriormente, se realiz\u00f3 un acto en el centro [&hellip;]<\/p>\n","protected":false},"author":3,"featured_media":0,"comment_status":"open","ping_status":"open","sticky":false,"template":"","format":"standard","meta":{"footnotes":""},"categories":[21],"tags":[],"class_list":["post-66132","post","type-post","status-publish","format-standard","hentry","category-cultura"],"_links":{"self":[{"href":"https:\/\/diariodominicano.com\/index.php?rest_route=\/wp\/v2\/posts\/66132","targetHints":{"allow":["GET"]}}],"collection":[{"href":"https:\/\/diariodominicano.com\/index.php?rest_route=\/wp\/v2\/posts"}],"about":[{"href":"https:\/\/diariodominicano.com\/index.php?rest_route=\/wp\/v2\/types\/post"}],"author":[{"embeddable":true,"href":"https:\/\/diariodominicano.com\/index.php?rest_route=\/wp\/v2\/users\/3"}],"replies":[{"embeddable":true,"href":"https:\/\/diariodominicano.com\/index.php?rest_route=%2Fwp%2Fv2%2Fcomments&post=66132"}],"version-history":[{"count":0,"href":"https:\/\/diariodominicano.com\/index.php?rest_route=\/wp\/v2\/posts\/66132\/revisions"}],"wp:attachment":[{"href":"https:\/\/diariodominicano.com\/index.php?rest_route=%2Fwp%2Fv2%2Fmedia&parent=66132"}],"wp:term":[{"taxonomy":"category","embeddable":true,"href":"https:\/\/diariodominicano.com\/index.php?rest_route=%2Fwp%2Fv2%2Fcategories&post=66132"},{"taxonomy":"post_tag","embeddable":true,"href":"https:\/\/diariodominicano.com\/index.php?rest_route=%2Fwp%2Fv2%2Ftags&post=66132"}],"curies":[{"name":"wp","href":"https:\/\/api.w.org\/{rel}","templated":true}]}}