{"id":66131,"date":"2012-03-07T12:22:37","date_gmt":"2012-03-07T12:22:37","guid":{"rendered":"http:\/\/diariodominicano.ddns.net\/?p=66131"},"modified":"2012-03-07T12:22:37","modified_gmt":"2012-03-07T12:22:37","slug":"otorgaran-reconocimiento-a-12-mujeres-puertoplatenas","status":"publish","type":"post","link":"https:\/\/diariodominicano.com\/?p=66131","title":{"rendered":"Otorgar\u00e1n reconocimiento a 12 mujeres puertoplate\u00f1as"},"content":{"rendered":"<p><body><\/p>\n<p><img decoding=\"async\" src=\"img3\/col.jpg\" \/>  <\/p>\n<p><span class=\"text1noticias\">Por Mercedes Rojas Sandoval<\/span><\/p>\n<\/p>\n<p><span class=\"text1noticias\">Puert Plata, Rep. Dominicana, 7 marzo.-  Con el nombre de \u00abColosas de mi Pueblo\u00bb se otorgar\u00e1n 12 reconocimientos a igual n\u00famero de mujeres quienes han dedicado su vida a labores productivas. <\/span><\/p>\n<p><span class=\"text1noticias\">La actividad se realizar\u00e1 en el marco del mes de marzo cuando se conmemora el d\u00eda internacional de la mujer.<\/span><\/p>\n<\/p>\n<p><span class=\"text1noticias\">El evento est\u00e1 pautado para el 7 de marzo a las 7:00p.m. en la Casa Cultura de Puerto Plata. Esta actividad art\u00edstica-cultural contar\u00e1 con una exposici\u00f3n fotogr\u00e1fica a cargo del destacado artista del lente Mart\u00edn Mirabel, donde estar\u00e1n expuestas del 7-11 de los corrientes. Estas fotograf\u00edas muestran la esencia de estas destacadas mujeres, adem\u00e1s la presentaci\u00f3n del grupo B\u00e1lsamo, quienes en honor a las galardonadas presentar\u00e1n su obra titulada &#8216;Guaja\u00bb<\/span>. <\/p>\n<h6> 2012-03-07 12:22:37 <\/h6>\n<p><!--\n<link rel=\"stylesheet\" href=\"css\/bootstrap.min.css\">\n\n\n<ul class=\"pagination\">\n\t    \n\t\n\n<li >\n\t<a href='?page_no=17808'>Previous<\/a>\n\t<\/li>\n\n\n       \n    \n\n<li><a href='?page_no=1'>1<\/a><\/li>\n\n\n\n<li><a href='?page_no=2'>2<\/a><\/li>\n\n\n\n<li><a>...<\/a><\/li>\n\n\n\n<li><a href='?page_no=17807'>17807<\/a><\/li>\n\n\n\n<li><a href='?page_no=17808'>17808<\/a><\/li>\n\n\n\n<li class='active'><a>17809<\/a><\/li>\n\n\n\n<li><a href='?page_no=17810'>17810<\/a><\/li>\n\n\n\n<li><a href='?page_no=17811'>17811<\/a><\/li>\n\n\n\n<li><a>...<\/a><\/li>\n\n\n\n<li><a href='?page_no=22911'>22911<\/a><\/li>\n\n\n\n<li><a href='?page_no=22912'>22912<\/a><\/li>\n\n    \n\t\n\n<li >\n\t<a href='?page_no=17810'>Next<\/a>\n\t<\/li>\n\n\n    \n\n<li><a href='?page_no=22912'>Last &rsaquo;&rsaquo;<\/a><\/li>\n\n<\/ul>\n\n\n--><br \/>\n<\/body><\/p>\n","protected":false},"excerpt":{"rendered":"<p>Por Mercedes Rojas Sandoval Puert Plata, Rep. Dominicana, 7 marzo.- Con el nombre de \u00abColosas de mi Pueblo\u00bb se otorgar\u00e1n 12 reconocimientos a igual n\u00famero de mujeres quienes han dedicado su vida a labores productivas. La actividad se realizar\u00e1 en el marco del mes de marzo cuando se conmemora el d\u00eda internacional de la mujer. [&hellip;]<\/p>\n","protected":false},"author":3,"featured_media":0,"comment_status":"open","ping_status":"open","sticky":false,"template":"","format":"standard","meta":{"footnotes":""},"categories":[21],"tags":[],"class_list":["post-66131","post","type-post","status-publish","format-standard","hentry","category-cultura"],"_links":{"self":[{"href":"https:\/\/diariodominicano.com\/index.php?rest_route=\/wp\/v2\/posts\/66131","targetHints":{"allow":["GET"]}}],"collection":[{"href":"https:\/\/diariodominicano.com\/index.php?rest_route=\/wp\/v2\/posts"}],"about":[{"href":"https:\/\/diariodominicano.com\/index.php?rest_route=\/wp\/v2\/types\/post"}],"author":[{"embeddable":true,"href":"https:\/\/diariodominicano.com\/index.php?rest_route=\/wp\/v2\/users\/3"}],"replies":[{"embeddable":true,"href":"https:\/\/diariodominicano.com\/index.php?rest_route=%2Fwp%2Fv2%2Fcomments&post=66131"}],"version-history":[{"count":0,"href":"https:\/\/diariodominicano.com\/index.php?rest_route=\/wp\/v2\/posts\/66131\/revisions"}],"wp:attachment":[{"href":"https:\/\/diariodominicano.com\/index.php?rest_route=%2Fwp%2Fv2%2Fmedia&parent=66131"}],"wp:term":[{"taxonomy":"category","embeddable":true,"href":"https:\/\/diariodominicano.com\/index.php?rest_route=%2Fwp%2Fv2%2Fcategories&post=66131"},{"taxonomy":"post_tag","embeddable":true,"href":"https:\/\/diariodominicano.com\/index.php?rest_route=%2Fwp%2Fv2%2Ftags&post=66131"}],"curies":[{"name":"wp","href":"https:\/\/api.w.org\/{rel}","templated":true}]}}