{"id":66130,"date":"2012-03-07T14:55:54","date_gmt":"2012-03-07T14:55:54","guid":{"rendered":"http:\/\/diariodominicano.ddns.net\/?p=66130"},"modified":"2012-03-07T14:55:54","modified_gmt":"2012-03-07T14:55:54","slug":"publican-e-libro-de-cien-anos-de-soledad","status":"publish","type":"post","link":"https:\/\/diariodominicano.com\/?p=66130","title":{"rendered":"Publican e-libro de &#8216;Cien a\u00f1os de soledad&#8217;"},"content":{"rendered":"<p><body><\/p>\n<p><span class=\"text1noticias\">M\u00e9xico, 7 marzo.- \u00abCien a\u00f1os de soledad\u00bb, la obra cumbre del laureado Nobel colombiano Gabriel Garc\u00eda M\u00e1rquez, estar\u00e1 por primera vez disponible en formato digital el martes, anunci\u00f3 la casa editorial Random House Mondadori.<\/span><\/p>\n<\/p>\n<p><span class=\"text1noticias\">El lanzamiento de la novela en este formato coincide con el 85o cumplea\u00f1os del escritor.<\/span><\/p>\n<\/p>\n<p><span class=\"text1noticias\">La editorial se\u00f1al\u00f3 el lunes en un comunicado que el ciberlibro estar\u00e1 disponible en distintas plataformas y librer\u00edas digitales de Espa\u00f1a, Europa, Estados Unidos y Am\u00e9rica Latina en su lengua original, espa\u00f1ol.<\/span><\/p>\n<\/p>\n<p><span class=\"text1noticias\">La publicaci\u00f3n la hacen conjuntamente Random House y la empresa espa\u00f1ola Leer-e, dedicada a la distribuci\u00f3n de contenidos para lectura digital. En el sitio web de la empresa se destaca un anuncio de felicitaci\u00f3n a \u00abEl Gabo\u00bb.<\/span><\/p>\n<\/p>\n<p><span class=\"text1noticias\">En M\u00e9xico el ejemplar digital tendr\u00e1 un precio de 89 pesos (unos 7 d\u00f3lares). En Espa\u00f1a ser\u00e1 de 5,99 euros (casi 8 d\u00f3lares), seg\u00fan el sitio web de Leer-e, en el que adem\u00e1s se venden otros tres textos de M\u00e1rquez: \u00abVivir para contarla\u00bb, \u00abTodos los cuentos\u00bb y \u00abRelato de un n\u00e1ufrago\u00bb.<\/span><\/p>\n<\/p>\n<p><span class=\"text1noticias\">\u00abCien a\u00f1os de soledad\u00bb fue publicada por vez primera en 1967 por la editorial Sudamericana en Buenos Aires. Desde entonces, ha sido traducida a 35 idiomas y ha vendido m\u00e1s de 20 millones de ejemplares.<\/span><\/p>\n<\/p>\n<p><span class=\"text1noticias\">Varias de las obras de \u00abGabo\u00bb han sido adaptadas al cine, entre ellas \u00abEl coronel no tiene quien le escriba\u00bb y \u00abEl amor en los tiempos del c\u00f3lera\u00bb<\/span>.<\/p>\n<\/p>\n<h6> 2012-03-07 14:55:54 <\/h6>\n<p><!--\n<link rel=\"stylesheet\" href=\"css\/bootstrap.min.css\">\n\n\n<ul class=\"pagination\">\n\t    \n\t\n\n<li >\n\t<a href='?page_no=17807'>Previous<\/a>\n\t<\/li>\n\n\n       \n    \n\n<li><a href='?page_no=1'>1<\/a><\/li>\n\n\n\n<li><a href='?page_no=2'>2<\/a><\/li>\n\n\n\n<li><a>...<\/a><\/li>\n\n\n\n<li><a href='?page_no=17806'>17806<\/a><\/li>\n\n\n\n<li><a href='?page_no=17807'>17807<\/a><\/li>\n\n\n\n<li class='active'><a>17808<\/a><\/li>\n\n\n\n<li><a href='?page_no=17809'>17809<\/a><\/li>\n\n\n\n<li><a href='?page_no=17810'>17810<\/a><\/li>\n\n\n\n<li><a>...<\/a><\/li>\n\n\n\n<li><a href='?page_no=22911'>22911<\/a><\/li>\n\n\n\n<li><a href='?page_no=22912'>22912<\/a><\/li>\n\n    \n\t\n\n<li >\n\t<a href='?page_no=17809'>Next<\/a>\n\t<\/li>\n\n\n    \n\n<li><a href='?page_no=22912'>Last &rsaquo;&rsaquo;<\/a><\/li>\n\n<\/ul>\n\n\n--><br \/>\n<\/body><\/p>\n","protected":false},"excerpt":{"rendered":"<p>M\u00e9xico, 7 marzo.- \u00abCien a\u00f1os de soledad\u00bb, la obra cumbre del laureado Nobel colombiano Gabriel Garc\u00eda M\u00e1rquez, estar\u00e1 por primera vez disponible en formato digital el martes, anunci\u00f3 la casa editorial Random House Mondadori. El lanzamiento de la novela en este formato coincide con el 85o cumplea\u00f1os del escritor. La editorial se\u00f1al\u00f3 el lunes en [&hellip;]<\/p>\n","protected":false},"author":3,"featured_media":0,"comment_status":"open","ping_status":"open","sticky":false,"template":"","format":"standard","meta":{"footnotes":""},"categories":[21],"tags":[],"class_list":["post-66130","post","type-post","status-publish","format-standard","hentry","category-cultura"],"_links":{"self":[{"href":"https:\/\/diariodominicano.com\/index.php?rest_route=\/wp\/v2\/posts\/66130","targetHints":{"allow":["GET"]}}],"collection":[{"href":"https:\/\/diariodominicano.com\/index.php?rest_route=\/wp\/v2\/posts"}],"about":[{"href":"https:\/\/diariodominicano.com\/index.php?rest_route=\/wp\/v2\/types\/post"}],"author":[{"embeddable":true,"href":"https:\/\/diariodominicano.com\/index.php?rest_route=\/wp\/v2\/users\/3"}],"replies":[{"embeddable":true,"href":"https:\/\/diariodominicano.com\/index.php?rest_route=%2Fwp%2Fv2%2Fcomments&post=66130"}],"version-history":[{"count":0,"href":"https:\/\/diariodominicano.com\/index.php?rest_route=\/wp\/v2\/posts\/66130\/revisions"}],"wp:attachment":[{"href":"https:\/\/diariodominicano.com\/index.php?rest_route=%2Fwp%2Fv2%2Fmedia&parent=66130"}],"wp:term":[{"taxonomy":"category","embeddable":true,"href":"https:\/\/diariodominicano.com\/index.php?rest_route=%2Fwp%2Fv2%2Fcategories&post=66130"},{"taxonomy":"post_tag","embeddable":true,"href":"https:\/\/diariodominicano.com\/index.php?rest_route=%2Fwp%2Fv2%2Ftags&post=66130"}],"curies":[{"name":"wp","href":"https:\/\/api.w.org\/{rel}","templated":true}]}}