{"id":66129,"date":"2012-03-07T15:45:39","date_gmt":"2012-03-07T15:45:39","guid":{"rendered":"http:\/\/diariodominicano.ddns.net\/?p=66129"},"modified":"2012-03-07T15:45:39","modified_gmt":"2012-03-07T15:45:39","slug":"ofreceran-recital-con-reconocida-pianista-griega","status":"publish","type":"post","link":"https:\/\/diariodominicano.com\/?p=66129","title":{"rendered":"Ofrecer\u00e1n recital con reconocida pianista griega"},"content":{"rendered":"<p><body><\/p>\n<p><span class=\"text1noticias\">Santo Domingo, RD 7 marzo.- Conciertos de la Villa de Santo Domingo presentar\u00e1 un concierto en la Capilla de los Rosarios con la pianista griega Mar\u00eda Asteriadou.Este recital, que se efectuar\u00e1 el jueves 22 de marzo en la Capilla de los Remedios en la Ciudad Colonial se titula Noches de Fantas\u00eda. <\/span><\/p>\n<\/p>\n<p><span class=\"text1noticias\">El programa incluir\u00e1 la \u00abFantas\u00eda en Do Mayor\u00bb de Schumann, la Balada No. 1 de Chopin y la Rapsodia H\u00fangara No. 12 de Liszt.<\/span><\/p>\n<p><span class=\"text1noticias\"> <\/span><\/p>\n<p><span class=\"text1noticias\"> La pianista Mar\u00eda Asteriadou es una artista cl\u00e1sica  reconocida a nivel mundial, quien ha recibido numerosos premios; asimismo se ha presentado en destacados escenarios del mundo.<\/span><\/p>\n<p><span class=\"text1noticias\"> <\/span><\/p>\n<p><span class=\"text1noticias\">Previamente a este recital la pianista realizar\u00e1 una serie de clases magistrales que se desarrollar\u00e1n en el Conservatorio Nacional de M\u00fasica los d\u00edas 20 y 21 de este mes. Estas clases est\u00e1n destinadas a j\u00f3venes estudiantes de piano, as\u00ed como a m\u00fasicos profesionales de la Rep\u00fablica Dominicana que deseen reforzar sus conocimientos.<\/span><\/p>\n<p><span class=\"text1noticias\"> <\/span><\/p>\n<p><span class=\"text1noticias\">Este conjunto de actividades forma parte del trabajo que desarrolla Conciertos de la Villa de Santo Domingo, una organizaci\u00f3n que se encarga de presentar conciertos y eventos de alta calidad en la Ciudad Colonial de Santo Domingo, con el objetivo de poner en valor el patrimonio dominicano.<\/span><\/p>\n<p><span class=\"text1noticias\"> <\/span><\/p>\n<p><span class=\"text1noticias\">En septiembre del a\u00f1o pasado, esta entidad ofreci\u00f3 su primer concierto, \u00abEsplendor Barroco\u00bb, que se realiz\u00f3 en el Convento de los Dominicos, el cual concit\u00f3 gran inter\u00e9s  entre los dominicanos y recibi\u00f3 excelentes cr\u00edticas por la calidad de sus ejecutantes: la Camerata Colonial y el maestro John Thomas Dodson.<\/span><\/p>\n<p><span class=\"text1noticias\"> <\/span><\/p>\n<p><span class=\"text1noticias\">Los organizadores de la actividad dijeron que el recital \u00abNoches de Fantas\u00eda\u00bb empezar\u00e1 puntualmente a las 8:30 de la n  oche y que las entradas pueden ser adquiridas a trav\u00e9s de la web: www.itickets.do<\/span>.<\/p>\n<\/p>\n<h6> 2012-03-07 15:45:39 <\/h6>\n<p><!--\n<link rel=\"stylesheet\" href=\"css\/bootstrap.min.css\">\n\n\n<ul class=\"pagination\">\n\t    \n\t\n\n<li >\n\t<a href='?page_no=17806'>Previous<\/a>\n\t<\/li>\n\n\n       \n    \n\n<li><a href='?page_no=1'>1<\/a><\/li>\n\n\n\n<li><a href='?page_no=2'>2<\/a><\/li>\n\n\n\n<li><a>...<\/a><\/li>\n\n\n\n<li><a href='?page_no=17805'>17805<\/a><\/li>\n\n\n\n<li><a href='?page_no=17806'>17806<\/a><\/li>\n\n\n\n<li class='active'><a>17807<\/a><\/li>\n\n\n\n<li><a href='?page_no=17808'>17808<\/a><\/li>\n\n\n\n<li><a href='?page_no=17809'>17809<\/a><\/li>\n\n\n\n<li><a>...<\/a><\/li>\n\n\n\n<li><a href='?page_no=22911'>22911<\/a><\/li>\n\n\n\n<li><a href='?page_no=22912'>22912<\/a><\/li>\n\n    \n\t\n\n<li >\n\t<a href='?page_no=17808'>Next<\/a>\n\t<\/li>\n\n\n    \n\n<li><a href='?page_no=22912'>Last &rsaquo;&rsaquo;<\/a><\/li>\n\n<\/ul>\n\n\n--><br \/>\n<\/body><\/p>\n","protected":false},"excerpt":{"rendered":"<p>Santo Domingo, RD 7 marzo.- Conciertos de la Villa de Santo Domingo presentar\u00e1 un concierto en la Capilla de los Rosarios con la pianista griega Mar\u00eda Asteriadou.Este recital, que se efectuar\u00e1 el jueves 22 de marzo en la Capilla de los Remedios en la Ciudad Colonial se titula Noches de Fantas\u00eda. El programa incluir\u00e1 la [&hellip;]<\/p>\n","protected":false},"author":3,"featured_media":0,"comment_status":"open","ping_status":"open","sticky":false,"template":"","format":"standard","meta":{"footnotes":""},"categories":[21],"tags":[],"class_list":["post-66129","post","type-post","status-publish","format-standard","hentry","category-cultura"],"_links":{"self":[{"href":"https:\/\/diariodominicano.com\/index.php?rest_route=\/wp\/v2\/posts\/66129","targetHints":{"allow":["GET"]}}],"collection":[{"href":"https:\/\/diariodominicano.com\/index.php?rest_route=\/wp\/v2\/posts"}],"about":[{"href":"https:\/\/diariodominicano.com\/index.php?rest_route=\/wp\/v2\/types\/post"}],"author":[{"embeddable":true,"href":"https:\/\/diariodominicano.com\/index.php?rest_route=\/wp\/v2\/users\/3"}],"replies":[{"embeddable":true,"href":"https:\/\/diariodominicano.com\/index.php?rest_route=%2Fwp%2Fv2%2Fcomments&post=66129"}],"version-history":[{"count":0,"href":"https:\/\/diariodominicano.com\/index.php?rest_route=\/wp\/v2\/posts\/66129\/revisions"}],"wp:attachment":[{"href":"https:\/\/diariodominicano.com\/index.php?rest_route=%2Fwp%2Fv2%2Fmedia&parent=66129"}],"wp:term":[{"taxonomy":"category","embeddable":true,"href":"https:\/\/diariodominicano.com\/index.php?rest_route=%2Fwp%2Fv2%2Fcategories&post=66129"},{"taxonomy":"post_tag","embeddable":true,"href":"https:\/\/diariodominicano.com\/index.php?rest_route=%2Fwp%2Fv2%2Ftags&post=66129"}],"curies":[{"name":"wp","href":"https:\/\/api.w.org\/{rel}","templated":true}]}}