{"id":661286,"date":"2026-01-20T15:30:13","date_gmt":"2026-01-20T19:30:13","guid":{"rendered":"https:\/\/diariodominicano.com\/?p=661286"},"modified":"2026-01-21T23:54:07","modified_gmt":"2026-01-22T03:54:07","slug":"mexico-traslada-a-eeuu-a-37-operadores-de-organizaciones-criminales","status":"publish","type":"post","link":"https:\/\/diariodominicano.com\/?p=661286","title":{"rendered":"M\u00e9xico traslada a EEUU a 37 operadores de organizaciones criminales"},"content":{"rendered":"\n<p>Ciudad de M\u00e9xico, 20 ene (Prensa Latina) El Gobierno de M\u00e9xico anunci\u00f3 hoy que traslad\u00f3 a Estados Unidos a 37 operadores de organizaciones criminales que representaban una amenaza real para la seguridad de esta naci\u00f3n latinoamericana.<\/p>\n\n\n\n<p><a href=\"https:\/\/www.prensa-latina.cu\/2026\/01\/20\/\"><time>enero 20, 2026 | 13:5<\/time><\/a> <\/p>\n\n\n\n<p>\u201cEsta ma\u00f1ana el @GabSeguridadMX (Gabinete de Seguridad) traslad\u00f3 a Estados Unidos a 37 operadores de organizaciones criminales que representaban una amenaza real para la seguridad del pa\u00eds\u201d, inform\u00f3 el secretario de Seguridad y Protecci\u00f3n Ciudadana, Omar Garc\u00eda.<\/p>\n\n\n\n<p>A trav\u00e9s de un mensaje publicado en su cuenta de la red social X, el titular precis\u00f3 que la acci\u00f3n se ejecut\u00f3 conforme a la Ley de Seguridad Nacional y bajo mecanismos de cooperaci\u00f3n bilateral, con pleno respeto a la soberan\u00eda nacional.<\/p>\n\n\n\n<p>\u201cA solicitud de @TheJusticeDept (Departamento estadounidense de Justicia), se estableci\u00f3 el compromiso de no solicitar la pena de muerte\u201d, apunt\u00f3 el funcionario.<\/p>\n\n\n\n<p>Seg\u00fan detall\u00f3, los sujetos fueron llevados a las ciudades de Washington, Houston, Nueva York, Pensilvania, San Antonio y San Diego, a bordo de siete aeronaves de las Fuerzas Armadas.<\/p>\n\n\n\n<p>\u201cCon este traslado, ya son 92 criminales de alto impacto enviados a EE.UU. en esta administraci\u00f3n que ya no podr\u00e1n generar violencia en nuestro pa\u00eds\u201d, remarc\u00f3 Garc\u00eda.<\/p>\n\n\n\n<p>El Gobierno de M\u00e9xico ha reiterado en numerosas ocasiones su postura de colaboraci\u00f3n y cooperaci\u00f3n con Estados Unidos en \u00e1mbitos como seguridad, pero con respeto a la soberan\u00eda y sin subordinaci\u00f3n.<\/p>\n\n\n\n<p>ro\/las<\/p>\n\n\n\n<ul class=\"wp-block-list\">\n<li>#<a href=\"https:\/\/www.prensa-latina.cu\/etiqueta\/eeuu\/\">eeuu<\/a>&nbsp;#<a href=\"https:\/\/www.prensa-latina.cu\/etiqueta\/harfuch\/\">harfuch<\/a>&nbsp;#<a href=\"https:\/\/www.prensa-latina.cu\/etiqueta\/mexico\/\">M\u00e9xico<\/a>&nbsp;#<a href=\"https:\/\/www.prensa-latina.cu\/etiqueta\/seguridad\/\">Seguridad<\/a><\/li>\n<\/ul>\n","protected":false},"excerpt":{"rendered":"<p>Ciudad de M\u00e9xico, 20 ene (Prensa Latina) El Gobierno de M\u00e9xico anunci\u00f3 hoy que traslad\u00f3 a Estados Unidos a 37 operadores de organizaciones criminales que representaban una amenaza real para la seguridad de esta naci\u00f3n latinoamericana. enero 20, 2026 | 13:5 \u201cEsta ma\u00f1ana el @GabSeguridadMX (Gabinete de Seguridad) traslad\u00f3 a Estados Unidos a 37 operadores [&hellip;]<\/p>\n","protected":false},"author":2,"featured_media":661287,"comment_status":"closed","ping_status":"closed","sticky":false,"template":"","format":"standard","meta":{"footnotes":""},"categories":[36,24,29],"tags":[409,3708,246],"class_list":["post-661286","post","type-post","status-publish","format-standard","has-post-thumbnail","hentry","category-hombresmujeresycosas","category-justicia-y-derecho","category-policiasucesos","tag-cdeee","tag-ee-uu-2","tag-mexico"],"_links":{"self":[{"href":"https:\/\/diariodominicano.com\/index.php?rest_route=\/wp\/v2\/posts\/661286","targetHints":{"allow":["GET"]}}],"collection":[{"href":"https:\/\/diariodominicano.com\/index.php?rest_route=\/wp\/v2\/posts"}],"about":[{"href":"https:\/\/diariodominicano.com\/index.php?rest_route=\/wp\/v2\/types\/post"}],"author":[{"embeddable":true,"href":"https:\/\/diariodominicano.com\/index.php?rest_route=\/wp\/v2\/users\/2"}],"replies":[{"embeddable":true,"href":"https:\/\/diariodominicano.com\/index.php?rest_route=%2Fwp%2Fv2%2Fcomments&post=661286"}],"version-history":[{"count":2,"href":"https:\/\/diariodominicano.com\/index.php?rest_route=\/wp\/v2\/posts\/661286\/revisions"}],"predecessor-version":[{"id":661463,"href":"https:\/\/diariodominicano.com\/index.php?rest_route=\/wp\/v2\/posts\/661286\/revisions\/661463"}],"wp:featuredmedia":[{"embeddable":true,"href":"https:\/\/diariodominicano.com\/index.php?rest_route=\/wp\/v2\/media\/661287"}],"wp:attachment":[{"href":"https:\/\/diariodominicano.com\/index.php?rest_route=%2Fwp%2Fv2%2Fmedia&parent=661286"}],"wp:term":[{"taxonomy":"category","embeddable":true,"href":"https:\/\/diariodominicano.com\/index.php?rest_route=%2Fwp%2Fv2%2Fcategories&post=661286"},{"taxonomy":"post_tag","embeddable":true,"href":"https:\/\/diariodominicano.com\/index.php?rest_route=%2Fwp%2Fv2%2Ftags&post=661286"}],"curies":[{"name":"wp","href":"https:\/\/api.w.org\/{rel}","templated":true}]}}