{"id":661283,"date":"2026-01-20T15:27:07","date_gmt":"2026-01-20T19:27:07","guid":{"rendered":"https:\/\/diariodominicano.com\/?p=661283"},"modified":"2026-01-21T23:52:32","modified_gmt":"2026-01-22T03:52:32","slug":"venezuela-es-y-seguira-siendo-republica-bolivariana-afirma-gobierno","status":"publish","type":"post","link":"https:\/\/diariodominicano.com\/?p=661283","title":{"rendered":"Venezuela es y seguir\u00e1 siendo Rep\u00fablica Bolivariana, afirma Gobierno"},"content":{"rendered":"\n<p>Caracas, 20 ene (Prensa Latina) El Gobierno de Venezuela reafirm\u00f3 hoy de manera categ\u00f3rica que es y seguir\u00e1 siendo la Rep\u00fablica Bolivariana.<\/p>\n\n\n\n<p><a href=\"https:\/\/www.prensa-latina.cu\/2026\/01\/20\/\"><time>enero 20, 2026 | 12:38<\/time><\/a>  <\/p>\n\n\n\n<p>Esta afirmaci\u00f3n se realiz\u00f3 en respuesta a la circulaci\u00f3n de informaci\u00f3n falsa en plataformas digitales sobre una imagen publicada por el presidente de Estados Unidos, Donald Trump, en redes sociales.<\/p>\n\n\n\n<p>La imagen calificada de fake news muestra un mapa de Am\u00e9rica, editado con inteligencia artificial, en el que Venezuela, Groenlandia y Canad\u00e1 aparecen representados como si fueran territorios estadounidenses.<\/p>\n\n\n\n<p>Indic\u00f3 que, frente a esta situaci\u00f3n, el Estado venezolano convoca a todos los ciudadanos a una acci\u00f3n simb\u00f3lica de unidad con el objetivo de \u201cdefender la integridad territorial y contrarrestar la desinformaci\u00f3n\u201d.<\/p>\n\n\n\n<p>En tal sentido, se inst\u00f3 a la poblaci\u00f3n a colocar el mapa oficial de Venezuela, con sus ocho estrellas y la Guayana Esequiba, en historias y perfiles de redes sociales bajo la frase: \u00abUni\u00f3n perfecta por Venezuela Toda\u00bb.<\/p>\n\n\n\n<p>ro\/jcd<\/p>\n\n\n\n<ul class=\"wp-block-list\">\n<li>#<a href=\"https:\/\/www.prensa-latina.cu\/etiqueta\/eeuu\/\">eeuu<\/a>&nbsp;#<a href=\"https:\/\/www.prensa-latina.cu\/etiqueta\/gobierno\/\">gobierno<\/a>&nbsp;#<a href=\"https:\/\/www.prensa-latina.cu\/etiqueta\/groenlandia\/\">Groenlandia<\/a>&nbsp;#<a href=\"https:\/\/www.prensa-latina.cu\/etiqueta\/trump\/\">trump<\/a>&nbsp;#<a href=\"https:\/\/www.prensa-latina.cu\/etiqueta\/venezuela\/\">Venezuela<\/a><\/li>\n<\/ul>\n","protected":false},"excerpt":{"rendered":"<p>Caracas, 20 ene (Prensa Latina) El Gobierno de Venezuela reafirm\u00f3 hoy de manera categ\u00f3rica que es y seguir\u00e1 siendo la Rep\u00fablica Bolivariana. enero 20, 2026 | 12:38 Esta afirmaci\u00f3n se realiz\u00f3 en respuesta a la circulaci\u00f3n de informaci\u00f3n falsa en plataformas digitales sobre una imagen publicada por el presidente de Estados Unidos, Donald Trump, en [&hellip;]<\/p>\n","protected":false},"author":2,"featured_media":661284,"comment_status":"closed","ping_status":"closed","sticky":false,"template":"","format":"standard","meta":{"footnotes":""},"categories":[23],"tags":[1375],"class_list":["post-661283","post","type-post","status-publish","format-standard","has-post-thumbnail","hentry","category-internacional","tag-venezuela"],"_links":{"self":[{"href":"https:\/\/diariodominicano.com\/index.php?rest_route=\/wp\/v2\/posts\/661283","targetHints":{"allow":["GET"]}}],"collection":[{"href":"https:\/\/diariodominicano.com\/index.php?rest_route=\/wp\/v2\/posts"}],"about":[{"href":"https:\/\/diariodominicano.com\/index.php?rest_route=\/wp\/v2\/types\/post"}],"author":[{"embeddable":true,"href":"https:\/\/diariodominicano.com\/index.php?rest_route=\/wp\/v2\/users\/2"}],"replies":[{"embeddable":true,"href":"https:\/\/diariodominicano.com\/index.php?rest_route=%2Fwp%2Fv2%2Fcomments&post=661283"}],"version-history":[{"count":2,"href":"https:\/\/diariodominicano.com\/index.php?rest_route=\/wp\/v2\/posts\/661283\/revisions"}],"predecessor-version":[{"id":661461,"href":"https:\/\/diariodominicano.com\/index.php?rest_route=\/wp\/v2\/posts\/661283\/revisions\/661461"}],"wp:featuredmedia":[{"embeddable":true,"href":"https:\/\/diariodominicano.com\/index.php?rest_route=\/wp\/v2\/media\/661284"}],"wp:attachment":[{"href":"https:\/\/diariodominicano.com\/index.php?rest_route=%2Fwp%2Fv2%2Fmedia&parent=661283"}],"wp:term":[{"taxonomy":"category","embeddable":true,"href":"https:\/\/diariodominicano.com\/index.php?rest_route=%2Fwp%2Fv2%2Fcategories&post=661283"},{"taxonomy":"post_tag","embeddable":true,"href":"https:\/\/diariodominicano.com\/index.php?rest_route=%2Fwp%2Fv2%2Ftags&post=661283"}],"curies":[{"name":"wp","href":"https:\/\/api.w.org\/{rel}","templated":true}]}}