{"id":66128,"date":"2012-03-07T18:35:58","date_gmt":"2012-03-07T18:35:58","guid":{"rendered":"http:\/\/diariodominicano.ddns.net\/?p=66128"},"modified":"2012-03-07T18:35:58","modified_gmt":"2012-03-07T18:35:58","slug":"cultura-entrega-premio-empleado-estrella-2011","status":"publish","type":"post","link":"https:\/\/diariodominicano.com\/?p=66128","title":{"rendered":"Cultura entrega premio \u00abEmpleado Estrella 2011\u00bb"},"content":{"rendered":"<p><body><\/p>\n<p><img decoding=\"async\" src=\"http:\/\/localhost:8080\/img3\/cultura.JPG\" \/>  <\/p>\n<p><span class=\"text1noticias\">Rep.Dom, 7 de Marzo.- Con el firme prop\u00f3sito de reconocer el esfuerzo, la responsabilidad y la dedicaci\u00f3n al trabajo, el Ministerio de Cultura hizo entrega del premio \u00abEmpleado Estrella 2011\u00bb, durante un emotivo acto realizado en la Sala A\u00edda Bonnelly, del Teatro Nacional Eduardo Brito.<\/span><\/p>\n<\/p>\n<p><span class=\"text1noticias\">El acto fue presidido por el Lic. Jos\u00e9 Rafael Lantigua, Ministro de Cultura. Le acompa\u00f1aron los viceministros Alexander Santana, Mateo Morrison, Bernarda Jorge, Lourdes Camilo de Cuello y la directora de Recursos Humanos, Milagros Peralta.<\/span><\/p>\n<\/p>\n<p><span class=\"text1noticias\">Lantigua, durante su discurso valor\u00f3 el desempe\u00f1o de los empleados galardonados, quienes se han destacado con su entrega y compromiso en su labor diaria.<\/span><\/p>\n<\/p>\n<p><span class=\"text1noticias\">Destac\u00f3 que los logros alcanzados por el Ministerio de Cultura se deben a la creatividad, pasi\u00f3n y gerencia con que trabaja el personal de la instituci\u00f3n, triada qe ha marcado el ser y quehacer cultural del MINC.<\/span><\/p>\n<\/p>\n<p><span class=\"text1noticias\">\u00abEstamos haciendo historia en lo que se refiere a gesti\u00f3n cultural en la Rep\u00fablica Dominicana, y les aseguro que ustedes conforman un equipo, del cual la cultura nacional no puede ni podr\u00e1 prescindir en el futuro inmediato\u00bb, concluy\u00f3 Lantigua.<\/span><\/p>\n<\/p>\n<p><span class=\"text1noticias\">Los reconocidos fueron: \u00c1ngel Mej\u00eda, Director General de Escuelas Libres; Basilio Nova, Director del Centro Cultural Narciso Gonz\u00e1lez; Karina Noble, Directora de Festivales Nacionales; Marianne de Tolentino, Directora de la Galer\u00eda Nacional de Bellas Artes; Mar\u00eda Elena Ditr\u00e9n, Directora del Museo de Arte Moderno; Edda Grull\u00f3n, Directora de Patrimonio Monumental; Gladys Leticia Tejeda, Subdirectora T\u00e9cnica de Patrimonio Monumental; Valent\u00edn Guerrero, Director de CENADARTE y Basilio Belliard, Director de Gesti\u00f3n Literaria.  <\/span><\/p>\n<\/p>\n<p><span class=\"text1noticias\">Adem\u00e1s, Rosa Elena Rodr\u00edguez, Directora de Formaci\u00f3n y Capacitaci\u00f3n; Valent\u00edn Amaro, Director de Talleres Literarios; Ruddy Crisp\u00edn, Encargado de Correspondencia; Elvis Blas Rodr\u00edguez, Encargado de la Sala de Arte Ram\u00f3n Oviedo; Domingo de los Santos, Director de la SINFAE; Alberto Valenzuela, Director T\u00e9cnico; Mirtha Pimentel, Directora Provincial de Ban\u00ed; Trifina S\u00e1nchez, Directora Provincial de Higuey; Claritza Jim\u00e9nez, Directora Provincial de Bonao; Ram\u00f3n Lachapelle, Director de la Direcci\u00f3n de Carnaval; Juan Tom\u00e1s Herrera, Encargado de Servicios Generales; Wilfredo Feliz, Director de Patrimonio Subacu\u00e1tico; Japonesa Capell\u00e1n, Directora de Turismo Cultural; y Adonis Est\u00e9vez, Director de Infraestructura Cultural.<\/span><\/p>\n<\/p>\n<p><span class=\"text1noticias\">Tambi\u00e9n, Ana Kenia Mora, Federico Fulgencio, Abraham Hilario, Jonathan Guzm\u00e1n, Am\u00edn Toribio, Eduardo Tejeda,  Wellington Paulino, Martha Garc\u00eda, Lisbell Piedra, Fanny Suazo, Juan Agust\u00edn Garc\u00eda, William Alem\u00e1n, William Santiago, Patricia Belliard, Lourdes D\u00edaz, Fausto Ortiz, Irma Yiseel N\u00fa\u00f1ez, Yeni Jim\u00e9nez, Samantha Olivero, Alfredo Castillo, V\u00edctor S\u00e1nchez, Yina Garc\u00eda, Soila Encarnaci\u00f3n, Rosa Julia Rodr\u00edguez y Le\u00f3n F\u00e9lix Batista<\/span>.     <\/p>\n<\/p>\n<h6> 2012-03-07 18:35:58 <\/h6>\n<p><!--\n<link rel=\"stylesheet\" href=\"css\/bootstrap.min.css\">\n\n\n<ul class=\"pagination\">\n\t    \n\t\n\n<li >\n\t<a href='?page_no=17805'>Previous<\/a>\n\t<\/li>\n\n\n       \n    \n\n<li><a href='?page_no=1'>1<\/a><\/li>\n\n\n\n<li><a href='?page_no=2'>2<\/a><\/li>\n\n\n\n<li><a>...<\/a><\/li>\n\n\n\n<li><a href='?page_no=17804'>17804<\/a><\/li>\n\n\n\n<li><a href='?page_no=17805'>17805<\/a><\/li>\n\n\n\n<li class='active'><a>17806<\/a><\/li>\n\n\n\n<li><a href='?page_no=17807'>17807<\/a><\/li>\n\n\n\n<li><a href='?page_no=17808'>17808<\/a><\/li>\n\n\n\n<li><a>...<\/a><\/li>\n\n\n\n<li><a href='?page_no=22911'>22911<\/a><\/li>\n\n\n\n<li><a href='?page_no=22912'>22912<\/a><\/li>\n\n    \n\t\n\n<li >\n\t<a href='?page_no=17807'>Next<\/a>\n\t<\/li>\n\n\n    \n\n<li><a href='?page_no=22912'>Last &rsaquo;&rsaquo;<\/a><\/li>\n\n<\/ul>\n\n\n--><br \/>\n<\/body><\/p>\n","protected":false},"excerpt":{"rendered":"<p>Rep.Dom, 7 de Marzo.- Con el firme prop\u00f3sito de reconocer el esfuerzo, la responsabilidad y la dedicaci\u00f3n al trabajo, el Ministerio de Cultura hizo entrega del premio \u00abEmpleado Estrella 2011\u00bb, durante un emotivo acto realizado en la Sala A\u00edda Bonnelly, del Teatro Nacional Eduardo Brito. El acto fue presidido por el Lic. Jos\u00e9 Rafael Lantigua, [&hellip;]<\/p>\n","protected":false},"author":3,"featured_media":0,"comment_status":"open","ping_status":"open","sticky":false,"template":"","format":"standard","meta":{"footnotes":""},"categories":[21],"tags":[],"class_list":["post-66128","post","type-post","status-publish","format-standard","hentry","category-cultura"],"_links":{"self":[{"href":"https:\/\/diariodominicano.com\/index.php?rest_route=\/wp\/v2\/posts\/66128","targetHints":{"allow":["GET"]}}],"collection":[{"href":"https:\/\/diariodominicano.com\/index.php?rest_route=\/wp\/v2\/posts"}],"about":[{"href":"https:\/\/diariodominicano.com\/index.php?rest_route=\/wp\/v2\/types\/post"}],"author":[{"embeddable":true,"href":"https:\/\/diariodominicano.com\/index.php?rest_route=\/wp\/v2\/users\/3"}],"replies":[{"embeddable":true,"href":"https:\/\/diariodominicano.com\/index.php?rest_route=%2Fwp%2Fv2%2Fcomments&post=66128"}],"version-history":[{"count":0,"href":"https:\/\/diariodominicano.com\/index.php?rest_route=\/wp\/v2\/posts\/66128\/revisions"}],"wp:attachment":[{"href":"https:\/\/diariodominicano.com\/index.php?rest_route=%2Fwp%2Fv2%2Fmedia&parent=66128"}],"wp:term":[{"taxonomy":"category","embeddable":true,"href":"https:\/\/diariodominicano.com\/index.php?rest_route=%2Fwp%2Fv2%2Fcategories&post=66128"},{"taxonomy":"post_tag","embeddable":true,"href":"https:\/\/diariodominicano.com\/index.php?rest_route=%2Fwp%2Fv2%2Ftags&post=66128"}],"curies":[{"name":"wp","href":"https:\/\/api.w.org\/{rel}","templated":true}]}}