{"id":66127,"date":"2012-03-07T21:35:21","date_gmt":"2012-03-07T21:35:21","guid":{"rendered":"http:\/\/diariodominicano.ddns.net\/?p=66127"},"modified":"2012-03-07T21:35:21","modified_gmt":"2012-03-07T21:35:21","slug":"alianza-cultural-con-danilo-celebra-recital-poetico","status":"publish","type":"post","link":"https:\/\/diariodominicano.com\/?p=66127","title":{"rendered":"Alianza cultural con Danilo celebra recital poetico"},"content":{"rendered":"<p><body><\/p>\n<p><img decoding=\"async\" src=\"img3\/poetas.JPG\" \/>  <\/p>\n<p><span class=\"text1noticias\">Rep.Dom, 7 de Marzo.- Con la participaci\u00f3n de poetas de las provincias Espaillat, Duarte, La Vega, Santiago y Santo Domingo, la Alianza Cultural con Danilo realiz\u00f3 un recital po\u00e9tico en el sal\u00f3n principal de la hist\u00f3rica \u00abAlianza \u00abCibae\u00f1a \u00bb, de Santiago de los Caballeros.<\/span><\/p>\n<p><span class=\"text1noticias\"> <\/span><\/p>\n<p><span class=\"text1noticias\">Antes de la lectura de poes\u00eda, el Coordinador de la Alianza Cultural con Danilo en Santiago, el eminente cr\u00edtico de arte Danilo de los Santos, pronuncio breves palabras con las que ponder\u00f3 el programa que habr\u00e1 de llevar a cabo el candidato a la presidencia por el Partido de la Liberaci\u00f3n Dominicana, destacando el papel que juega el arte en la sociedad, as\u00ed como la calidad del conjunto de poetas reunidos all\u00ed para la lectura.<\/span><\/p>\n<p><span class=\"text1noticias\"> <\/span><\/p>\n<p><span class=\"text1noticias\">Acto seguido, el Presidente en funciones de Alianza Cultural, el poeta Cayo Claudio Espinal, destac\u00f3 la trascendencia que para el sector cultural dominicano tienen las pol\u00edticas culturales que se propone instaurar el Partido de la Liberaci\u00f3n Dominicana en la gesti\u00f3n p\u00fablica presidida por el licenciado Danilo Medina, y al referirse a lo que nunca se ha hecho en materia cultural, se refiri\u00f3 a la vision descentralizadora de la accion cultural como via para desconcentrar la gestion publica y lograr una redistribucion del presupuesto que permita que el desarrollo cultural alcance tambi\u00e9n a los creadores y trabajadores de la cultura diseminados en todas las provincias del pa\u00eds, para lograr as\u00ed un ejercicio m\u00e1s pleno de los derechos culturales del pueblo dominicano.<\/span><\/p>\n<p><span class=\"text1noticias\"> <\/span><\/p>\n<p><span class=\"text1noticias\">Cayo Claudio Espinal, finaliz\u00f3 sus palabras presentando al primer poeta de la noche, el francomacorisano Victor Salda\u00f1a, quien ley\u00f3 sonetos in\u00e9ditos y textos de su primer libro. Asimismo, el poeta Julio Adames ley\u00f3 sus textos, marcados por el tono experimental, le sigui\u00f3 Ike Tejada, quien present\u00f3 un conjunto de textos cargados de un depurado intimismo. Tras la presentacion de Cayo Claudio Espinal, quien leyo poemas de su libro vanguardista Apices Cortados, Alexis Gomez Rosa ley\u00f3 algunos textos de su poemario Ferryboat de una Noche Invertebrada, en los que exalta la historia dominicana por medio de la poes\u00eda. Concluyo el recital con la lectura de textos ineditos del poeta santiaguero Ramon Peralta, caracterizados por la s\u00edntesis y la fuerza expresiva.<\/span><\/p>\n<p><span class=\"text1noticias\"> <\/span><\/p>\n<p><span class=\"text1noticias\">Al finalizar, Danilo de los Santos cerro la noche con palabras de exhortacion al publico asistente a seguir de cerca las actividades de Alianza Cultural y a brindar su decidido respaldo a las candidaturas del Partido de la Liberacion Dominicana<\/span>.<\/p>\n<\/p>\n<\/p>\n<\/p>\n<h6> 2012-03-07 21:35:21 <\/h6>\n<p><!--\n<link rel=\"stylesheet\" href=\"css\/bootstrap.min.css\">\n\n\n<ul class=\"pagination\">\n\t    \n\t\n\n<li >\n\t<a href='?page_no=17804'>Previous<\/a>\n\t<\/li>\n\n\n       \n    \n\n<li><a href='?page_no=1'>1<\/a><\/li>\n\n\n\n<li><a href='?page_no=2'>2<\/a><\/li>\n\n\n\n<li><a>...<\/a><\/li>\n\n\n\n<li><a href='?page_no=17803'>17803<\/a><\/li>\n\n\n\n<li><a href='?page_no=17804'>17804<\/a><\/li>\n\n\n\n<li class='active'><a>17805<\/a><\/li>\n\n\n\n<li><a href='?page_no=17806'>17806<\/a><\/li>\n\n\n\n<li><a href='?page_no=17807'>17807<\/a><\/li>\n\n\n\n<li><a>...<\/a><\/li>\n\n\n\n<li><a href='?page_no=22911'>22911<\/a><\/li>\n\n\n\n<li><a href='?page_no=22912'>22912<\/a><\/li>\n\n    \n\t\n\n<li >\n\t<a href='?page_no=17806'>Next<\/a>\n\t<\/li>\n\n\n    \n\n<li><a href='?page_no=22912'>Last &rsaquo;&rsaquo;<\/a><\/li>\n\n<\/ul>\n\n\n--><br \/>\n<\/body><\/p>\n","protected":false},"excerpt":{"rendered":"<p>Rep.Dom, 7 de Marzo.- Con la participaci\u00f3n de poetas de las provincias Espaillat, Duarte, La Vega, Santiago y Santo Domingo, la Alianza Cultural con Danilo realiz\u00f3 un recital po\u00e9tico en el sal\u00f3n principal de la hist\u00f3rica \u00abAlianza \u00abCibae\u00f1a \u00bb, de Santiago de los Caballeros. Antes de la lectura de poes\u00eda, el Coordinador de la Alianza [&hellip;]<\/p>\n","protected":false},"author":3,"featured_media":0,"comment_status":"open","ping_status":"open","sticky":false,"template":"","format":"standard","meta":{"footnotes":""},"categories":[21],"tags":[],"class_list":["post-66127","post","type-post","status-publish","format-standard","hentry","category-cultura"],"_links":{"self":[{"href":"https:\/\/diariodominicano.com\/index.php?rest_route=\/wp\/v2\/posts\/66127","targetHints":{"allow":["GET"]}}],"collection":[{"href":"https:\/\/diariodominicano.com\/index.php?rest_route=\/wp\/v2\/posts"}],"about":[{"href":"https:\/\/diariodominicano.com\/index.php?rest_route=\/wp\/v2\/types\/post"}],"author":[{"embeddable":true,"href":"https:\/\/diariodominicano.com\/index.php?rest_route=\/wp\/v2\/users\/3"}],"replies":[{"embeddable":true,"href":"https:\/\/diariodominicano.com\/index.php?rest_route=%2Fwp%2Fv2%2Fcomments&post=66127"}],"version-history":[{"count":0,"href":"https:\/\/diariodominicano.com\/index.php?rest_route=\/wp\/v2\/posts\/66127\/revisions"}],"wp:attachment":[{"href":"https:\/\/diariodominicano.com\/index.php?rest_route=%2Fwp%2Fv2%2Fmedia&parent=66127"}],"wp:term":[{"taxonomy":"category","embeddable":true,"href":"https:\/\/diariodominicano.com\/index.php?rest_route=%2Fwp%2Fv2%2Fcategories&post=66127"},{"taxonomy":"post_tag","embeddable":true,"href":"https:\/\/diariodominicano.com\/index.php?rest_route=%2Fwp%2Fv2%2Ftags&post=66127"}],"curies":[{"name":"wp","href":"https:\/\/api.w.org\/{rel}","templated":true}]}}