{"id":661254,"date":"2026-01-20T14:55:00","date_gmt":"2026-01-20T18:55:00","guid":{"rendered":"https:\/\/diariodominicano.com\/?p=661254"},"modified":"2026-01-21T23:46:23","modified_gmt":"2026-01-22T03:46:23","slug":"defensa-civil-acompana-a-fieles-en-carreteras-y-la-basilica-de-higuey","status":"publish","type":"post","link":"https:\/\/diariodominicano.com\/?p=661254","title":{"rendered":"Defensa Civil acompa\u00f1a a fieles en carreteras y la Bas\u00edlica de Hig\u00fcey"},"content":{"rendered":"\n<p><strong>La Altagracia.-<\/strong>&nbsp;Con el objetivo de cuidar a los miles de devotos que llegan hasta la Bas\u00edlica de Hig\u00fcey para venerar la Virgen de la Altagracia en su d\u00eda, el director ejecutivo de la Defensa Civil, Juan Salas, sostuvo una reuni\u00f3n con todos los directores provinciales y dispuso el despliegue de 470 miembros entre voluntarios y empleados, que estar\u00e1n distribuidos en 32 Puestos de Socorro.<\/p>\n\n\n\n<figure class=\"wp-block-image size-large\"><img loading=\"lazy\" decoding=\"async\" width=\"1024\" height=\"682\" src=\"https:\/\/diariodominicano.com\/wp-content\/uploads\/2026\/01\/Defensa-civil-00-1-1024x682.jpeg\" alt=\"\" class=\"wp-image-661259\" srcset=\"https:\/\/diariodominicano.com\/wp-content\/uploads\/2026\/01\/Defensa-civil-00-1-1024x682.jpeg 1024w, https:\/\/diariodominicano.com\/wp-content\/uploads\/2026\/01\/Defensa-civil-00-1-300x200.jpeg 300w, https:\/\/diariodominicano.com\/wp-content\/uploads\/2026\/01\/Defensa-civil-00-1-768x512.jpeg 768w, https:\/\/diariodominicano.com\/wp-content\/uploads\/2026\/01\/Defensa-civil-00-1-1536x1023.jpeg 1536w, https:\/\/diariodominicano.com\/wp-content\/uploads\/2026\/01\/Defensa-civil-00-1-816x544.jpeg 816w, https:\/\/diariodominicano.com\/wp-content\/uploads\/2026\/01\/Defensa-civil-00-1.jpeg 1600w\" sizes=\"auto, (max-width: 1024px) 100vw, 1024px\" \/><\/figure>\n\n\n\n<p>Salas explic\u00f3 que, dentro de ese personal hay m\u00e9dicos, t\u00e9cnicos en emergencias m\u00e9dicas, t\u00e9cnicos en rescate, voluntarios y voluntarias, al servicio de la poblaci\u00f3n.<\/p>\n\n\n\n<p>El tambi\u00e9n presidente de la Comisi\u00f3n Nacional de Emergencias, se\u00f1al\u00f3 que en la Bas\u00edlica hay un Puesto de Atenci\u00f3n Pre-hospitalario, con 20 m\u00e9dicos y t\u00e9cnicos en emergencias m\u00e9dicas; as\u00ed como dos ambulancias y dos desfibriladores externos autom\u00e1ticos (DEA) para brindar asistencia ante cualquier emergencia.<\/p>\n\n\n\n<p>\u201cA las afueras del templo religioso hemos establecido un dispositivo de tres anillos: en el per\u00edmetro exterior hay un equipo de reacci\u00f3n r\u00e1pida instalado en la Base de la Defensa Civil; en los jardines un hospital de campa\u00f1a que dispone de dos ambulancias; mientras que en la parte interna se instal\u00f3 un puesto fijo para asistencia y brigadas m\u00f3viles\u201d, dijo el director.<\/p>\n\n\n\n<figure class=\"wp-block-image size-large\"><img loading=\"lazy\" decoding=\"async\" width=\"1024\" height=\"682\" src=\"https:\/\/diariodominicano.com\/wp-content\/uploads\/2026\/01\/defensa-civil-4-1024x682.jpeg\" alt=\"\" class=\"wp-image-661262\" srcset=\"https:\/\/diariodominicano.com\/wp-content\/uploads\/2026\/01\/defensa-civil-4-1024x682.jpeg 1024w, https:\/\/diariodominicano.com\/wp-content\/uploads\/2026\/01\/defensa-civil-4-300x200.jpeg 300w, https:\/\/diariodominicano.com\/wp-content\/uploads\/2026\/01\/defensa-civil-4-768x512.jpeg 768w, https:\/\/diariodominicano.com\/wp-content\/uploads\/2026\/01\/defensa-civil-4-1536x1023.jpeg 1536w, https:\/\/diariodominicano.com\/wp-content\/uploads\/2026\/01\/defensa-civil-4-816x544.jpeg 816w, https:\/\/diariodominicano.com\/wp-content\/uploads\/2026\/01\/defensa-civil-4.jpeg 1600w\" sizes=\"auto, (max-width: 1024px) 100vw, 1024px\" \/><\/figure>\n\n\n\n<p>El operativo incluye tambi\u00e9n un dispositivo de bandereos por la seguridad vial, que funciona en las autopistas Las Am\u00e9ricas, San Pedro- Hato Mayor, Hato Mayor-El Seibo, Carretera Mella, Autov\u00eda del Este, y carretera El Seibo-Hig\u00fcey. Estos cuentan con dos equipos de extricaci\u00f3n vehicular (uno en el Cruce de Yuma y otro en la Autov\u00eda del Este, espec\u00edficamente en el Puente Guido Gil sobre el R\u00edo Soco).<\/p>\n\n\n\n<p>Adem\u00e1s, se usar\u00e1n drones para vigilar en tiempo real el flujo de personas que visitan la Bas\u00edlica, para responder de forma efectiva ante cualquier tipo de situaci\u00f3n. La Defensa Civil supervisa adem\u00e1s con estas aeronaves no tripuladas el flujo vehicular en las carreteras que conducen hacia el lugar; esto permite detectar cualquier incidente en las v\u00edas.<\/p>\n\n\n\n<p>El director Salas hizo un llamado a la Poblaci\u00f3n Altagraciana, a tomar la fecha con calma y reflexi\u00f3n; asistir a la Bas\u00edlica de forma ordenada, respetando el turno en la fila y orar por sus seres queridos y allegados.<\/p>\n\n\n\n<p>Defensa Civil Dominicana<\/p>\n\n\n\n<p><a target=\"_blank\" href=\"mailto:redesdefensacivil@gmail.com\" rel=\"noreferrer noopener\">redesdefensacivil@gmail.com<\/a><\/p>\n","protected":false},"excerpt":{"rendered":"<p>La Altagracia.-&nbsp;Con el objetivo de cuidar a los miles de devotos que llegan hasta la Bas\u00edlica de Hig\u00fcey para venerar la Virgen de la Altagracia en su d\u00eda, el director ejecutivo de la Defensa Civil, Juan Salas, sostuvo una reuni\u00f3n con todos los directores provinciales y dispuso el despliegue de 470 miembros entre voluntarios y [&hellip;]<\/p>\n","protected":false},"author":2,"featured_media":661255,"comment_status":"closed","ping_status":"closed","sticky":false,"template":"","format":"standard","meta":{"footnotes":""},"categories":[1],"tags":[573,3049],"class_list":["post-661254","post","type-post","status-publish","format-standard","has-post-thumbnail","hentry","category-editorial","tag-defensa-civil","tag-higuey"],"_links":{"self":[{"href":"https:\/\/diariodominicano.com\/index.php?rest_route=\/wp\/v2\/posts\/661254","targetHints":{"allow":["GET"]}}],"collection":[{"href":"https:\/\/diariodominicano.com\/index.php?rest_route=\/wp\/v2\/posts"}],"about":[{"href":"https:\/\/diariodominicano.com\/index.php?rest_route=\/wp\/v2\/types\/post"}],"author":[{"embeddable":true,"href":"https:\/\/diariodominicano.com\/index.php?rest_route=\/wp\/v2\/users\/2"}],"replies":[{"embeddable":true,"href":"https:\/\/diariodominicano.com\/index.php?rest_route=%2Fwp%2Fv2%2Fcomments&post=661254"}],"version-history":[{"count":2,"href":"https:\/\/diariodominicano.com\/index.php?rest_route=\/wp\/v2\/posts\/661254\/revisions"}],"predecessor-version":[{"id":661264,"href":"https:\/\/diariodominicano.com\/index.php?rest_route=\/wp\/v2\/posts\/661254\/revisions\/661264"}],"wp:featuredmedia":[{"embeddable":true,"href":"https:\/\/diariodominicano.com\/index.php?rest_route=\/wp\/v2\/media\/661255"}],"wp:attachment":[{"href":"https:\/\/diariodominicano.com\/index.php?rest_route=%2Fwp%2Fv2%2Fmedia&parent=661254"}],"wp:term":[{"taxonomy":"category","embeddable":true,"href":"https:\/\/diariodominicano.com\/index.php?rest_route=%2Fwp%2Fv2%2Fcategories&post=661254"},{"taxonomy":"post_tag","embeddable":true,"href":"https:\/\/diariodominicano.com\/index.php?rest_route=%2Fwp%2Fv2%2Ftags&post=661254"}],"curies":[{"name":"wp","href":"https:\/\/api.w.org\/{rel}","templated":true}]}}