{"id":661246,"date":"2026-01-20T15:35:15","date_gmt":"2026-01-20T19:35:15","guid":{"rendered":"https:\/\/diariodominicano.com\/?p=661246"},"modified":"2026-01-20T15:35:20","modified_gmt":"2026-01-20T19:35:20","slug":"fundacion-francina-invertira-rd3300000-00-en-2026-para-la-formacion-de-jovenes","status":"publish","type":"post","link":"https:\/\/diariodominicano.com\/?p=661246","title":{"rendered":"Fundaci\u00f3n Francina invertir\u00e1 RD$3,300,000.00 en 2026 para la formaci\u00f3n de j\u00f3venes"},"content":{"rendered":"\n<p><strong>&#8211;&nbsp;&nbsp;&nbsp;&nbsp;&nbsp;&nbsp;&nbsp;&nbsp;40 nuevos integrantes en enero de 2026. Por primera vez en la historia, una persona ciega estudia ingenier\u00eda en Rep\u00fablica Dominicana<\/strong><\/p>\n\n\n\n<p><strong>&#8211;&nbsp;&nbsp;&nbsp;&nbsp;&nbsp;&nbsp;&nbsp;&nbsp;La fundaci\u00f3n prev\u00e9 una inversi\u00f3n superior a los RD$3,300,000.00 en 2026<\/strong><\/p>\n\n\n\n<p><strong>Santo Domingo. La Fundaci\u00f3n Francina, a trav\u00e9s de la Escuela de Liderazgo y Autonom\u00eda para j\u00f3venes con discapacidad visual (ELA) inici\u00f3 el 2026 con la ampliaci\u00f3n de la matr\u00edcula de estudiantes a los que impacta en todo el pa\u00eds. Durante el mes de enero, la instituci\u00f3n registr\u00f3 40 nuevos beneficiarios y beneficiarias, provenientes de distintas regiones de la Rep\u00fablica Dominicana.<\/strong><\/p>\n\n\n\n<p><strong>Cada participante de ELA accede a formaci\u00f3n en inform\u00e1tica b\u00e1sica, uso correcto del bast\u00f3n de movilidad y acompa\u00f1amiento personalizado. De igual manera, la fundaci\u00f3n facilita orientaci\u00f3n y materiales de apoyo a las madres, padres y tutores de los adolescentes con ceguera y baja visi\u00f3n.<\/strong><\/p>\n\n\n\n<p><strong>Francina Hungr\u00eda, fundadora de la entidad, dijo que: \u201cEn seis a\u00f1os que tenemos con ELA, hemos comprobado que la inversi\u00f3n temprana en nuestros j\u00f3venes es la mejor estrategia para superar cualquier forma de vulnerabilidad. Varios de los estudiantes que iniciaron con nosotros en enero de 2020, hoy ocupan posiciones en empresas de distintos sectores productivos, se desenvuelven en carreras universitarias y son gu\u00edas de los estudiantes m\u00e1s j\u00f3venes\u201d.<\/strong><\/p>\n\n\n\n<p><strong>La instituci\u00f3n indic\u00f3 que el proceso de apoyo a cada estudiante tiene un costo superior a los RD$80,000.00 por persona. Esto incluye lo que cuestan los talleres, las clases permanentes, facilitar kits educativos, bastones, desplazamientos y otras actividades.<\/strong><\/p>\n\n\n\n<p><strong>El financiamiento del proyecto se realiza mediante fondos concursables como los fondos de la Asociaci\u00f3n Cibao o del Centro Nacional de Fomento a las ASFL. Tambi\u00e9n, se accede a donaciones de entidades p\u00fablicas y privadas.<\/strong><\/p>\n\n\n\n<p><strong>Un logro a resaltar<\/strong><\/p>\n\n\n\n<p><strong>El logro m\u00e1s actual de ELA es el reciente ingreso de tres estudiantes a la Universidad Cat\u00f3lica Santo Domingo Los j\u00f3venes, provenientes de Santiago Rodr\u00edguez y Santo Domingo, cursan las carreras de Comunicaci\u00f3n Social, Contabilidad e Ingenier\u00eda en Inform\u00e1tica. Cabe se\u00f1alar que, es la primera vez en la Rep\u00fablica Dominicana que una persona ciega estudia una ingenier\u00eda.<\/strong><\/p>\n\n\n\n<p><strong>Con estos tres nuevos estudiantes, ya suman 21 los j\u00f3venes que tras acceder a ELA ingresan a programas de educaci\u00f3n superior. Estos han optado por carreras que van desde la Ciber Seguridad y la Administraci\u00f3n Hotelera, hasta Comunicaci\u00f3n, Derecho, Psicolog\u00eda y Educaci\u00f3n.<\/strong><\/p>\n\n\n\n<p><strong>Kits para desempe\u00f1o educativo<\/strong><\/p>\n\n\n\n<p><strong>En el marco de sus acciones con ELA, durante el mes de enero, Fundaci\u00f3n Francina hizo entrega de 19 kits educativos a estudiantes con discapacidad visual de centros educativos de secundaria, y en los pr\u00f3ximos d\u00edas se entregar\u00e1n otros 11 m\u00e1s. Los kits, por un valor de US$100.00 cada uno, contienen herramientas para escritura braille, aprendizaje de matem\u00e1ticas, grabadoras de voz y materiales para quienes poseen restos visuales.<\/strong><\/p>\n\n\n\n<p><strong>La entrega de los kits se coordin\u00f3 con el Centro Nacional de Recursos Olga Estrella, perteneciente a la Direcci\u00f3n de Inclusi\u00f3n del Ministerio de Educaci\u00f3n de la Rep\u00fablica Dominicana. Los recursos provinieron de los fondos aportados por la Asociaci\u00f3n Cibao, a trav\u00e9s de su convocatoria \u00abFondos Concursables Jos\u00e9 Santiago Reinoso Lora para el Desarrollo Sostenible\u00bb<\/strong><\/p>\n\n\n\n<p><strong>Un orgullo nuestro<\/strong><\/p>\n\n\n\n<p><strong>Recientemente, ELA realiz\u00f3 un taller sobre participaci\u00f3n e incidencia p\u00fablica. El mismo fue impartido por Eliezer Cueva, uno de los j\u00f3venes que ingres\u00f3 a ELA en 2020, y que hoy brinda soporte a organizaciones de sociedad civil en temas de intervenci\u00f3n social, participaci\u00f3n de poblaciones vulnerables y estudios sociodemogr\u00e1ficos.<\/strong><\/p>\n\n\n\n<p><strong>En el contexto de este encuentro, tambi\u00e9n se facilit\u00f3 un taller a los padres y madres de j\u00f3venes con ceguera. El mismo se enmarc\u00f3 en torno a la superaci\u00f3n de barreras y a las herramientas de apoyo necesarias en el hogar.<\/strong><\/p>\n\n\n\n<p><strong>La Escuela de Liderazgo y Autonom\u00eda para j\u00f3venes con discapacidad visual es el \u00fanico programa de transici\u00f3n a la adultez para personas con ceguera y baja visi\u00f3n que existe en la Rep\u00fablica Dominicana. Lo promueve la Fundaci\u00f3n Francina, quien busca impulsar la participaci\u00f3n sin barreras de las personas con discapacidad visual en los espacios de productividad y convivencia del pa\u00eds.<\/strong><\/p>\n\n\n\n<p>Fundaci\u00f3n Francina <a href=\"mailto:info@fundacionfrancina.org\">info@fundacionfrancina.org<\/a><\/p>\n","protected":false},"excerpt":{"rendered":"<p>&#8211;&nbsp;&nbsp;&nbsp;&nbsp;&nbsp;&nbsp;&nbsp;&nbsp;40 nuevos integrantes en enero de 2026. Por primera vez en la historia, una persona ciega estudia ingenier\u00eda en Rep\u00fablica Dominicana &#8211;&nbsp;&nbsp;&nbsp;&nbsp;&nbsp;&nbsp;&nbsp;&nbsp;La fundaci\u00f3n prev\u00e9 una inversi\u00f3n superior a los RD$3,300,000.00 en 2026 Santo Domingo. La Fundaci\u00f3n Francina, a trav\u00e9s de la Escuela de Liderazgo y Autonom\u00eda para j\u00f3venes con discapacidad visual (ELA) inici\u00f3 el 2026 [&hellip;]<\/p>\n","protected":false},"author":7,"featured_media":661293,"comment_status":"closed","ping_status":"closed","sticky":false,"template":"","format":"standard","meta":{"footnotes":""},"categories":[36],"tags":[473],"class_list":["post-661246","post","type-post","status-publish","format-standard","has-post-thumbnail","hentry","category-hombresmujeresycosas","tag-fundacion-francina"],"_links":{"self":[{"href":"https:\/\/diariodominicano.com\/index.php?rest_route=\/wp\/v2\/posts\/661246","targetHints":{"allow":["GET"]}}],"collection":[{"href":"https:\/\/diariodominicano.com\/index.php?rest_route=\/wp\/v2\/posts"}],"about":[{"href":"https:\/\/diariodominicano.com\/index.php?rest_route=\/wp\/v2\/types\/post"}],"author":[{"embeddable":true,"href":"https:\/\/diariodominicano.com\/index.php?rest_route=\/wp\/v2\/users\/7"}],"replies":[{"embeddable":true,"href":"https:\/\/diariodominicano.com\/index.php?rest_route=%2Fwp%2Fv2%2Fcomments&post=661246"}],"version-history":[{"count":1,"href":"https:\/\/diariodominicano.com\/index.php?rest_route=\/wp\/v2\/posts\/661246\/revisions"}],"predecessor-version":[{"id":661295,"href":"https:\/\/diariodominicano.com\/index.php?rest_route=\/wp\/v2\/posts\/661246\/revisions\/661295"}],"wp:featuredmedia":[{"embeddable":true,"href":"https:\/\/diariodominicano.com\/index.php?rest_route=\/wp\/v2\/media\/661293"}],"wp:attachment":[{"href":"https:\/\/diariodominicano.com\/index.php?rest_route=%2Fwp%2Fv2%2Fmedia&parent=661246"}],"wp:term":[{"taxonomy":"category","embeddable":true,"href":"https:\/\/diariodominicano.com\/index.php?rest_route=%2Fwp%2Fv2%2Fcategories&post=661246"},{"taxonomy":"post_tag","embeddable":true,"href":"https:\/\/diariodominicano.com\/index.php?rest_route=%2Fwp%2Fv2%2Ftags&post=661246"}],"curies":[{"name":"wp","href":"https:\/\/api.w.org\/{rel}","templated":true}]}}