{"id":661244,"date":"2026-01-20T14:36:25","date_gmt":"2026-01-20T18:36:25","guid":{"rendered":"https:\/\/diariodominicano.com\/?p=661244"},"modified":"2026-01-21T23:44:21","modified_gmt":"2026-01-22T03:44:21","slug":"intec-y-la-fundacion-brugal-apoyaran-el-desarrollo-de-docentes-en-lectura-escritura-matematicas-y-ciencias","status":"publish","type":"post","link":"https:\/\/diariodominicano.com\/?p=661244","title":{"rendered":"INTEC y la Fundaci\u00f3n Brugal apoyar\u00e1n el desarrollo de docentes en lectura, escritura, matem\u00e1ticas y ciencias"},"content":{"rendered":"\n<p><strong>El Instituto Tecnol\u00f3gico de Santo Domingo (INTEC) y el Fondo para la Educaci\u00f3n de la Fundaci\u00f3n Brugal han suscrito un acuerdo de colaboraci\u00f3n para impulsar la calidad educativa en el pa\u00eds. El convenio tiene como objetivo principal fortalecer las competencias de maestros y equipos de gesti\u00f3n en lectura, escritura, matem\u00e1ticas y ciencias, desde una perspectiva did\u00e1ctica, basada en la nueva orientaci\u00f3n curricular del sistema educativo dominicano y en los lineamientos de las pol\u00edticas educativas nacionales.<\/strong><\/p>\n\n\n\n<figure class=\"wp-block-gallery has-nested-images columns-default is-cropped wp-block-gallery-1 is-layout-flex wp-block-gallery-is-layout-flex\">\n<figure class=\"wp-block-image size-large\"><img loading=\"lazy\" decoding=\"async\" width=\"1024\" height=\"683\" data-id=\"661256\" src=\"https:\/\/diariodominicano.com\/wp-content\/uploads\/2026\/01\/Arturo-del-Villar-y-Augusto-Ramirez-1024x683.jpg\" alt=\"\" class=\"wp-image-661256\" srcset=\"https:\/\/diariodominicano.com\/wp-content\/uploads\/2026\/01\/Arturo-del-Villar-y-Augusto-Ramirez-1024x683.jpg 1024w, https:\/\/diariodominicano.com\/wp-content\/uploads\/2026\/01\/Arturo-del-Villar-y-Augusto-Ramirez-300x200.jpg 300w, https:\/\/diariodominicano.com\/wp-content\/uploads\/2026\/01\/Arturo-del-Villar-y-Augusto-Ramirez-768x512.jpg 768w, https:\/\/diariodominicano.com\/wp-content\/uploads\/2026\/01\/Arturo-del-Villar-y-Augusto-Ramirez-816x544.jpg 816w, https:\/\/diariodominicano.com\/wp-content\/uploads\/2026\/01\/Arturo-del-Villar-y-Augusto-Ramirez.jpg 1200w\" sizes=\"auto, (max-width: 1024px) 100vw, 1024px\" \/><figcaption class=\"wp-element-caption\">Arturo del Villar y Augusto Ram\u00edrez <\/figcaption><\/figure>\n<\/figure>\n\n\n\n<p><strong>El proyecto contempla acciones de formaci\u00f3n continua y acompa\u00f1amiento t\u00e9cnico-pedag\u00f3gico para docentes en servicio en tres centros educativos del nivel primario en Santo Domingo, San Pedro de Macor\u00eds y Puerto Plata. Con una duraci\u00f3n de doce meses y una vigencia de dos a\u00f1os, esta iniciativa busca impactar de manera directa en la mejora de la pr\u00e1ctica docente y la calidad de la ense\u00f1anza.<\/strong><\/p>\n\n\n\n<p><strong>\u201cLa Fundaci\u00f3n Brugal siempre ha estado comprometida con la formaci\u00f3n de las nuevas generaciones de dominicanos y, con esta alianza, contribuiremos de una manera directa a la formaci\u00f3n de los docentes de tres comunidades que han sido parte esencial de nuestra historia\u201d, destac\u00f3 Augusto Ram\u00edrez, presidente de la Fundaci\u00f3n Brugal.<\/strong><\/p>\n\n\n\n<p><strong>La amplia experiencia de INTEC como instituci\u00f3n educativa garantizar\u00e1 la calidad t\u00e9cnica y metodol\u00f3gica del proyecto, que incluye el dise\u00f1o e implementaci\u00f3n de programas de formaci\u00f3n, acompa\u00f1amiento a los equipos de gesti\u00f3n, informes de avance y una evaluaci\u00f3n final del impacto.<\/strong><\/p>\n\n\n\n<figure class=\"wp-block-gallery has-nested-images columns-default is-cropped wp-block-gallery-2 is-layout-flex wp-block-gallery-is-layout-flex\">\n<figure class=\"wp-block-image size-large\"><img loading=\"lazy\" decoding=\"async\" width=\"1024\" height=\"683\" data-id=\"661258\" src=\"https:\/\/diariodominicano.com\/wp-content\/uploads\/2026\/01\/INTEC-y-la-Fundacion-Brugal-apoyaran-el-desarrollo-de-docentes-en-lectura-escritura-matematicas-y-ciencias-1024x683.jpg\" alt=\"\" class=\"wp-image-661258\" srcset=\"https:\/\/diariodominicano.com\/wp-content\/uploads\/2026\/01\/INTEC-y-la-Fundacion-Brugal-apoyaran-el-desarrollo-de-docentes-en-lectura-escritura-matematicas-y-ciencias-1024x683.jpg 1024w, https:\/\/diariodominicano.com\/wp-content\/uploads\/2026\/01\/INTEC-y-la-Fundacion-Brugal-apoyaran-el-desarrollo-de-docentes-en-lectura-escritura-matematicas-y-ciencias-300x200.jpg 300w, https:\/\/diariodominicano.com\/wp-content\/uploads\/2026\/01\/INTEC-y-la-Fundacion-Brugal-apoyaran-el-desarrollo-de-docentes-en-lectura-escritura-matematicas-y-ciencias-768x512.jpg 768w, https:\/\/diariodominicano.com\/wp-content\/uploads\/2026\/01\/INTEC-y-la-Fundacion-Brugal-apoyaran-el-desarrollo-de-docentes-en-lectura-escritura-matematicas-y-ciencias-816x544.jpg 816w, https:\/\/diariodominicano.com\/wp-content\/uploads\/2026\/01\/INTEC-y-la-Fundacion-Brugal-apoyaran-el-desarrollo-de-docentes-en-lectura-escritura-matematicas-y-ciencias.jpg 1200w\" sizes=\"auto, (max-width: 1024px) 100vw, 1024px\" \/><figcaption class=\"wp-element-caption\">INTEC y la Fundaci\u00f3n Brugal apoyar\u00e1n el desarrollo de docentes en lectura, escritura, matem\u00e1ticas y ciencias <\/figcaption><\/figure>\n<\/figure>\n\n\n\n<p><strong>\u201cPara nuestra universidad es motivo de orgullo y de gran satisfacci\u00f3n unir esfuerzos con aliados como la Fundaci\u00f3n Brugal, que comparten nuestra misi\u00f3n de alcanzar la transformaci\u00f3n social de la Rep\u00fablica Dominicana, mediante la educaci\u00f3n. Nuestra universidad apuesta a la formaci\u00f3n STEM como estrategia clave del desarrollo sostenible y esta alianza es prueba de ello\u201d, expuso Arturo Del Villar Alburquerque, rector del INTEC.<\/strong><\/p>\n\n\n\n<p><strong>Sobre Fundaci\u00f3n Brugal<\/strong><\/p>\n\n\n\n<p><strong>La Fundaci\u00f3n Brugal es el brazo solidario de Casa Brugal, creada en 1988 con el prop\u00f3sito de promover el desarrollo social y fomentar la educaci\u00f3n en la Rep\u00fablica Dominicana. Reconocida por su compromiso con el pa\u00eds, impulsa iniciativas que fomentan la educaci\u00f3n y la protecci\u00f3n al medio ambiente. A trav\u00e9s del Premio Brugal Cree en su Gente, ha respaldado a m\u00e1s de 150 organizaciones sin fines de lucro, consolid\u00e1ndose como una plataforma que apoya soluciones innovadoras y sostenibles para los principales desaf\u00edos sociales del pa\u00eds.<\/strong><\/p>\n\n\n\n<p><strong>Entre los principales programas que desarrolla la Fundaci\u00f3n podemos destacar el Fondo para la Educaci\u00f3n que otorga becas a estudiantes con altos \u00edndices acad\u00e9micos para cursar carreras prioritarias para el desarrollo del pa\u00eds. Hasta la fecha se han otorgado m\u00e1s de 350 becas y se han graduado 340 estudiantes en carreras STEM. Adem\u00e1s, la Fundaci\u00f3n cogestiona el Centro Educativo George Arzeno Brugal, construido en una comunidad vulnerable de Puerto Plata, el cual ha acogido hasta el momento a m\u00e1s de 600 estudiantes.<\/strong><\/p>\n\n\n\n<p><strong>Sobre Fundaci\u00f3n Brugal<\/strong><\/p>\n\n\n\n<p>La Fundaci\u00f3n Brugal es el brazo solidario de Casa Brugal, creada en 1988 con el prop\u00f3sito de promover el desarrollo social y fomentar la educaci\u00f3n en la Rep\u00fablica Dominicana. Reconocida por su compromiso con el pa\u00eds, impulsa iniciativas que fomentan la educaci\u00f3n y la protecci\u00f3n al medio ambiente. A trav\u00e9s del Premio Brugal Cree en su Gente, ha respaldado a m\u00e1s de 150 organizaciones sin fines de lucro, consolid\u00e1ndose como una plataforma que apoya soluciones innovadoras y sostenibles para los principales desaf\u00edos sociales del pa\u00eds.<\/p>\n\n\n\n<p>Entre los principales programas que desarrolla la Fundaci\u00f3n podemos destacar el Fondo para la Educaci\u00f3n que otorga becas a estudiantes con altos \u00edndices acad\u00e9micos para cursar carreras prioritarias para el desarrollo del pa\u00eds. Hasta la fecha se han otorgado m\u00e1s de 350 becas y se han graduado 340 estudiantes en carreras STEM. Adem\u00e1s, la Fundaci\u00f3n cogestiona el Centro Educativo George Arzeno Brugal, construido en una comunidad vulnerable de Puerto Plata, el cual ha acogido hasta el momento a m\u00e1s de 600 estudiantes.<\/p>\n\n\n\n<p><strong>Sobre INTEC&nbsp;<\/strong><\/p>\n\n\n\n<p>El Instituto Tecnol\u00f3gico de Santo Domingo (INTEC) es una universidad privada de finalidad p\u00fablica, sin fines de lucro, fundada en 1972 con el objetivo de formar profesionales altamente capacitados, comprometidos con el desarrollo sostenible de la Rep\u00fablica Dominicana. Reconocida por su excelencia acad\u00e9mica, su enfoque en la investigaci\u00f3n y su estrecho v\u00ednculo con el sector productivo nacional, INTEC ofrece programas de grado y posgrado en \u00e1reas como ingenier\u00eda, ciencias de la salud, econom\u00eda y negocios, ciencias sociales y humanidades y ciencias b\u00e1sicas y ambientales.&nbsp;<\/p>\n\n\n\n<p>INTEC es una universidad pionera en el otorgamiento de becas para reconocer el talento acad\u00e9mico mediante su Programa INTEC con los Estudiantes Sobresalientes (PIES), con el cual la universidad ha apoyado los estudios profesionales de m\u00e1s de 3,000 estudiantes sobresalientes de todo el pa\u00eds.<\/p>\n\n\n\n<p><strong>L\u00eda \u00c1lvarez L\u00f3pez <a href=\"mailto:lia@mediaticos.com.do\">lia@mediaticos.com.do<\/a><\/strong> <\/p>\n","protected":false},"excerpt":{"rendered":"<p>El Instituto Tecnol\u00f3gico de Santo Domingo (INTEC) y el Fondo para la Educaci\u00f3n de la Fundaci\u00f3n Brugal han suscrito un acuerdo de colaboraci\u00f3n para impulsar la calidad educativa en el pa\u00eds. El convenio tiene como objetivo principal fortalecer las competencias de maestros y equipos de gesti\u00f3n en lectura, escritura, matem\u00e1ticas y ciencias, desde una perspectiva [&hellip;]<\/p>\n","protected":false},"author":2,"featured_media":661257,"comment_status":"closed","ping_status":"closed","sticky":false,"template":"","format":"standard","meta":{"footnotes":""},"categories":[21,36,27],"tags":[3006,646],"class_list":["post-661244","post","type-post","status-publish","format-standard","has-post-thumbnail","hentry","category-cultura","category-hombresmujeresycosas","category-portada","tag-fundacion-brugal","tag-intec"],"_links":{"self":[{"href":"https:\/\/diariodominicano.com\/index.php?rest_route=\/wp\/v2\/posts\/661244","targetHints":{"allow":["GET"]}}],"collection":[{"href":"https:\/\/diariodominicano.com\/index.php?rest_route=\/wp\/v2\/posts"}],"about":[{"href":"https:\/\/diariodominicano.com\/index.php?rest_route=\/wp\/v2\/types\/post"}],"author":[{"embeddable":true,"href":"https:\/\/diariodominicano.com\/index.php?rest_route=\/wp\/v2\/users\/2"}],"replies":[{"embeddable":true,"href":"https:\/\/diariodominicano.com\/index.php?rest_route=%2Fwp%2Fv2%2Fcomments&post=661244"}],"version-history":[{"count":4,"href":"https:\/\/diariodominicano.com\/index.php?rest_route=\/wp\/v2\/posts\/661244\/revisions"}],"predecessor-version":[{"id":661267,"href":"https:\/\/diariodominicano.com\/index.php?rest_route=\/wp\/v2\/posts\/661244\/revisions\/661267"}],"wp:featuredmedia":[{"embeddable":true,"href":"https:\/\/diariodominicano.com\/index.php?rest_route=\/wp\/v2\/media\/661257"}],"wp:attachment":[{"href":"https:\/\/diariodominicano.com\/index.php?rest_route=%2Fwp%2Fv2%2Fmedia&parent=661244"}],"wp:term":[{"taxonomy":"category","embeddable":true,"href":"https:\/\/diariodominicano.com\/index.php?rest_route=%2Fwp%2Fv2%2Fcategories&post=661244"},{"taxonomy":"post_tag","embeddable":true,"href":"https:\/\/diariodominicano.com\/index.php?rest_route=%2Fwp%2Fv2%2Ftags&post=661244"}],"curies":[{"name":"wp","href":"https:\/\/api.w.org\/{rel}","templated":true}]}}