{"id":66124,"date":"2012-03-08T21:15:47","date_gmt":"2012-03-08T21:15:47","guid":{"rendered":"http:\/\/diariodominicano.ddns.net\/?p=66124"},"modified":"2012-03-08T21:15:47","modified_gmt":"2012-03-08T21:15:47","slug":"compania-teatral-cubana-de-gira-por-republica-dominicana","status":"publish","type":"post","link":"https:\/\/diariodominicano.com\/?p=66124","title":{"rendered":"Compa\u00f1\u00eda teatral cubana de gira por Rep\u00fablica Dominicana"},"content":{"rendered":"<p><body><\/p>\n<p><img decoding=\"async\" src=\"img3\/argostaire.jpg\" \/>  <\/p>\n<p><span class=\"text1noticias\">La Habana, 8 mar 05:16 P.M. (PL) La compa\u00f1\u00eda cubana Argos Teatro iniciar\u00e1 el 11 de marzo una gira por Rep\u00fablica Dominicana con su m\u00e1s reciente puesta en escena, Aire Fr\u00edo, del afamado dramaturgo Virgilio Pi\u00f1era (1912-1979).<\/span><\/p>\n<\/p>\n<p><span class=\"text1noticias\">  En di\u00e1logo con la prensa, la relacionista p\u00fablica de la agrupaci\u00f3n, Dayami Amador, precis\u00f3 que durante esta corta estancia en la naci\u00f3n caribe\u00f1a, de apenas una semana, se prev\u00e9n varias presentaciones en importantes salas de teatro de Santo Domingo, y fuera de la capital.<\/span><\/p>\n<\/p>\n<p><span class=\"text1noticias\">Inform\u00f3, adem\u00e1s, que luego de su retorno el venidero 18 de marzo, Argos Teatro reiniciar\u00e1 sus funciones en su sede de la capital cubana, donde desde enero pasado se presenta esta obra con gran aceptaci\u00f3n de p\u00fablico y de la cr\u00edtica especializada.<\/span><\/p>\n<\/p>\n<p><span class=\"text1noticias\">Emblem\u00e1tica por la cuban\u00eda de sus personajes, los conflictos familiares, las referencias al clima y a los gustos gastron\u00f3micos, entre otros elementos simb\u00f3licos que \u00abnos conmueven y dicen qui\u00e9nes somos\u00bb, Aire Fr\u00edo (1958) constituye una referencia clave en el teatro de la isla.<\/span><\/p>\n<\/p>\n<p><span class=\"text1noticias\">La nueva versi\u00f3n de Carlos Celdr\u00e1n, director del grupo, no pretende reconstruir una \u00e9poca, particularmente las d\u00e9cadas del 40 y el 50 del pasado siglo cuando transcurre el texto original, sino llevar a las tablas situaciones que pueden ser pol\u00e9micas, ocurridas en los \u00faltimos 20 a\u00f1os en el contexto de la sociedad cubana.<\/span><\/p>\n<\/p>\n<p><span class=\"text1noticias\">Protagonizada por Juliette Cruz en el papel de Luz Marina, y Francisco Garc\u00eda (Premio Nacional de Teatro 2012) como el padre de la familia Romaguera, la adaptaci\u00f3n mantiene los personajes, comportamientos y conflictos, dada la trascendencia de los mismos.<\/span><\/p>\n<\/p>\n<p><span class=\"text1noticias\">A medio siglo de su estreno mundial, el 8 de diciembre de 1962, Aire fr\u00edo resulta la biograf\u00eda de un pa\u00eds y de su gente, que lucha por hacer realidad los sue\u00f1os e interpretar los fracasos desde la mirada aguda de su personaje femenino principal, sentenci\u00f3 Celdr\u00e1n en declaraciones previas a la puesta en escena realizada aqu\u00ed.<\/span><\/p>\n<\/p>\n<p><span class=\"text1noticias\">Tras su primera presentaci\u00f3n en la capitalina sala Las m\u00e1scaras, bajo la direcci\u00f3n de Humberto Arenal y con un elenco encabezado por Ver\u00f3nica Lynn en la inigualable y emblem\u00e1tica Luz Marina, Aire fr\u00edo ha subido a las tablas en varias ocasiones en Cuba y el exterior, e incluso cuenta con una versi\u00f3n televisiva (1982), protagonizada por Isabel Santos.<\/span><\/p>\n<\/p>\n<p><span class=\"text1noticias\">Pi\u00f1era, cuya reposici\u00f3n teatral se enmarca en las festividades por el centenario de su natalicio, es considerado el m\u00e1s grande autor de teatro en Cuba del siglo XX, adem\u00e1s de contar con una variada obra literaria que incluye cuentos y poemas traducidos al ingl\u00e9s, italiano, alem\u00e1n, ruso, h\u00fangaro y polaco<\/span>.<\/p>\n<h6> 2012-03-08 21:15:47 <\/h6>\n<p><!--\n<link rel=\"stylesheet\" href=\"css\/bootstrap.min.css\">\n\n\n<ul class=\"pagination\">\n\t    \n\t\n\n<li >\n\t<a href='?page_no=17801'>Previous<\/a>\n\t<\/li>\n\n\n       \n    \n\n<li><a href='?page_no=1'>1<\/a><\/li>\n\n\n\n<li><a href='?page_no=2'>2<\/a><\/li>\n\n\n\n<li><a>...<\/a><\/li>\n\n\n\n<li><a href='?page_no=17800'>17800<\/a><\/li>\n\n\n\n<li><a href='?page_no=17801'>17801<\/a><\/li>\n\n\n\n<li class='active'><a>17802<\/a><\/li>\n\n\n\n<li><a href='?page_no=17803'>17803<\/a><\/li>\n\n\n\n<li><a href='?page_no=17804'>17804<\/a><\/li>\n\n\n\n<li><a>...<\/a><\/li>\n\n\n\n<li><a href='?page_no=22911'>22911<\/a><\/li>\n\n\n\n<li><a href='?page_no=22912'>22912<\/a><\/li>\n\n    \n\t\n\n<li >\n\t<a href='?page_no=17803'>Next<\/a>\n\t<\/li>\n\n\n    \n\n<li><a href='?page_no=22912'>Last &rsaquo;&rsaquo;<\/a><\/li>\n\n<\/ul>\n\n\n--><br \/>\n<\/body><\/p>\n","protected":false},"excerpt":{"rendered":"<p>La Habana, 8 mar 05:16 P.M. (PL) La compa\u00f1\u00eda cubana Argos Teatro iniciar\u00e1 el 11 de marzo una gira por Rep\u00fablica Dominicana con su m\u00e1s reciente puesta en escena, Aire Fr\u00edo, del afamado dramaturgo Virgilio Pi\u00f1era (1912-1979). En di\u00e1logo con la prensa, la relacionista p\u00fablica de la agrupaci\u00f3n, Dayami Amador, precis\u00f3 que durante esta corta [&hellip;]<\/p>\n","protected":false},"author":3,"featured_media":0,"comment_status":"open","ping_status":"open","sticky":false,"template":"","format":"standard","meta":{"footnotes":""},"categories":[21],"tags":[],"class_list":["post-66124","post","type-post","status-publish","format-standard","hentry","category-cultura"],"_links":{"self":[{"href":"https:\/\/diariodominicano.com\/index.php?rest_route=\/wp\/v2\/posts\/66124","targetHints":{"allow":["GET"]}}],"collection":[{"href":"https:\/\/diariodominicano.com\/index.php?rest_route=\/wp\/v2\/posts"}],"about":[{"href":"https:\/\/diariodominicano.com\/index.php?rest_route=\/wp\/v2\/types\/post"}],"author":[{"embeddable":true,"href":"https:\/\/diariodominicano.com\/index.php?rest_route=\/wp\/v2\/users\/3"}],"replies":[{"embeddable":true,"href":"https:\/\/diariodominicano.com\/index.php?rest_route=%2Fwp%2Fv2%2Fcomments&post=66124"}],"version-history":[{"count":0,"href":"https:\/\/diariodominicano.com\/index.php?rest_route=\/wp\/v2\/posts\/66124\/revisions"}],"wp:attachment":[{"href":"https:\/\/diariodominicano.com\/index.php?rest_route=%2Fwp%2Fv2%2Fmedia&parent=66124"}],"wp:term":[{"taxonomy":"category","embeddable":true,"href":"https:\/\/diariodominicano.com\/index.php?rest_route=%2Fwp%2Fv2%2Fcategories&post=66124"},{"taxonomy":"post_tag","embeddable":true,"href":"https:\/\/diariodominicano.com\/index.php?rest_route=%2Fwp%2Fv2%2Ftags&post=66124"}],"curies":[{"name":"wp","href":"https:\/\/api.w.org\/{rel}","templated":true}]}}