{"id":66123,"date":"2012-03-08T22:45:04","date_gmt":"2012-03-08T22:45:04","guid":{"rendered":"http:\/\/diariodominicano.ddns.net\/?p=66123"},"modified":"2012-03-08T22:45:04","modified_gmt":"2012-03-08T22:45:04","slug":"inauguran-foro-iberoamericano-virtual-educa-caribe-2012","status":"publish","type":"post","link":"https:\/\/diariodominicano.com\/?p=66123","title":{"rendered":"Inauguran foro Iberoamericano virtual  EDUCA CARIBE 2012"},"content":{"rendered":"<p><body><\/p>\n<p><img decoding=\"async\" src=\"img3\/educa.JPG\" \/>  <\/p>\n<p><span class=\"text1noticias\">La actividad es organizada por Funglode y la UAPA, as\u00ed como otras instituciones  y es la primera vez que se celebra en Santiago<\/span><\/p>\n<p><span class=\"text1noticias\">  <\/span><\/p>\n<p><span class=\"text1noticias\">Rep.Dom, 8 de Marzo 06: 47 P.M.-Con la presencia de autoridades del sector educativo del pa\u00eds, fue inaugurado en el Sal\u00f3n Principal de la Gobernaci\u00f3n de Santiago,  el VI  Foro Iberoamericano sobre Nuevas Tecnolog\u00edas Virtual Educa 2012, con la conferencia magistral \u00abUna Pol\u00edtica educativa que Funcione\u00bb a cargo del especialista internacional el vicepresidente de Dialogo Inter-Americano,  Jeffrey M. Puryear.<\/span><\/p>\n<p><span class=\"text1noticias\"> <\/span><\/p>\n<p><span class=\"text1noticias\">El encuentro acad\u00e9mico organizado por la Fundaci\u00f3n Global Democracia y Desarrollo (FUNGLODE),  se desarrollara los d\u00edas 7, 8 y 9 de marzo en la Universidad Abierta para Adultos (UAPA) y  contar\u00e1 con la disertaci\u00f3n de conferencistas nacionales e internacionales procedentes de m\u00e1s de una decena de pa\u00edses, quienes abordaran temas dentro de la tem\u00e1tica sobre  la capacitaci\u00f3n, innovaci\u00f3n, responsabilidad social corporativa y el desarrollo sostenible.<\/span><\/p>\n<p><span class=\"text1noticias\"> <\/span><\/p>\n<p><span class=\"text1noticias\">Al conclave  internacional se esperan la participaci\u00f3n de m\u00e1s de 300 acad\u00e9micos de las importantes instituciones educativas de la naci\u00f3n, para actualizarse en tecnolog\u00eda, a trav\u00e9s conferencias magistrales y talleres que buscan fomentar la multiplicaci\u00f3n y expansi\u00f3n de pr\u00e1cticas exitosas y establecer bases para un intercambio permanente, conforme a las explicaciones del doctor \u00c1ngel Hern\u00e1ndez, rector de la UAPA.<\/span><\/p>\n<p><span class=\"text1noticias\"> <\/span><\/p>\n<p><span class=\"text1noticias\">El doctor Hern\u00e1ndez, valor\u00f3 el encuentro como una oportunidad de intercambio de experiencias, al tiempo de agradecer que eligiera a la UAPA  como sede del Foro en el Caribe.<\/span><\/p>\n<p><span class=\"text1noticias\"> <\/span><\/p>\n<p><span class=\"text1noticias\">De su lado, el director ejecutivo de Virtual Educa, Jorge Alejandro Rey Valzacchi, ponder\u00f3 los logros del  Foro en la educaci\u00f3n superior en las distintas versiones que desarrolla en el mundo.<\/span><\/p>\n<p><span class=\"text1noticias\"> <\/span><\/p>\n<p><span class=\"text1noticias\">Entre los disertantes extranjeros figuran;  Mar\u00eda Elena Navarrete (M\u00e9xico), Jorge Rey Valzzachi (Argentina), Niall Sclater (Inglaterra), Hazel Arias (Costa Rica), Lilian Dom\u00ednguez ( Cuba) y Michla Shahar de Israel, entre otros m\u00e1s. Adem\u00e1s de las autoridades del sector de educaci\u00f3n en el pa\u00eds.<\/span><\/p>\n<p><span class=\"text1noticias\"> <\/span><\/p>\n<p><span class=\"text1noticias\">Durante los tres d\u00edas se analizara la necesidad de establecer un di\u00e1logo entre los agentes claves en la introducci\u00f3n y aplicaci\u00f3n de tecnolog\u00edas y de sistemas innovadores para la formaci\u00f3n y desarrollo de la capacitaci\u00f3n humana:\u00b4para que genere y ofrezca valores, los cuales son indispensables para lograr una implementaci\u00f3n fluida y eficiente, fueron parte de las palabras de la directora ejecutiva  Funglode, Yamile Eusebio.<\/span><\/p>\n<p><span class=\"text1noticias\"> <\/span><\/p>\n<p><span class=\"text1noticias\">En el acto inaugural tambi\u00e9n intervinieron V\u00edctor Hugo Delancer, viceministro de Educaci\u00f3n Superior; Nelsa Ch\u00e1vez del Ministerio de Educaci\u00f3n, quienes representaron a sus superiores.<\/span><\/p>\n<p><span class=\"text1noticias\"> <\/span><\/p>\n<p><span class=\"text1noticias\">Un gran atractivo del acto inaugural, fue la presentaci\u00f3n art\u00edstica de grupos de lechones liderados por Raudy Torres, quienes alegraron a nativos y extranjeros con alegr\u00eda multicolor.\/\/<\/span><\/p>\n<p><span class=\"text1noticias\"> <\/span><\/p>\n<p><span class=\"text1noticias\">Sobre el Evento:<\/span><\/p>\n<p><span class=\"text1noticias\"> <\/span><\/p>\n<p><span class=\"text1noticias\"> El  Virtual Educa es la primera vez que se celebra en la ciudad de Santiago y tiene como meta elevar el conocimiento entre los diferentes informantes, para crear nuevas asociaciones nacionales e internacionales y alianzas para  favorecer un intercambio continuo y cotidiano de informaci\u00f3n y experiencia en el campo permanente de la formaci\u00f3n. Adem\u00e1s de establecer como la tecnolog\u00eda puede ser incorporada en la capacitaci\u00f3n convencional y como todo ello puede contribuir al desarrollo sostenible de las comunidades y la competitividad del pa\u00eds.<\/span><\/p>\n<p><span class=\"text1noticias\"> <\/span><\/p>\n<p><span class=\"text1noticias\">Entre las entidades organizadoras figuran: el Ministerio de Educaci\u00f3n (MINERD), Ministerio de Educaci\u00f3n Superior (MESCYT), Universidad Aut\u00f3noma de Santo Domingo (UASD), Universidad APEC, el Instituto Tecnol\u00f3gico de las Am\u00e9ricas (ITLA), Universidad Iberoamericana (UNIBE), Universidad INTEC y la Universidad Nacional Pedro Henr\u00edquez Ure\u00f1a (UNPHU).<\/span><\/p>\n<\/p>\n<p><span class=\"text1noticias\">Adem\u00e1s del Instituto de Formaci\u00f3n T\u00e9cnico Profesional (INFOTEP), Comisi\u00f3n Nacional de la Sociedad de la Informaci\u00f3n y la Comunicaci\u00f3n (CNSIC), Instituto Dominicano de las Telecomunicaciones (INDOTEL) y la Oficina Presidencial de Tecnolog\u00eda de la Informaci\u00f3n y Comunicaci\u00f3n (OPTIC) .<\/span><\/p>\n<p><span class=\"text1noticias\"> <\/span><\/p>\n<p><span class=\"text1noticias\">Tambi\u00e9n cuenta con el apoyo de las empresas Alianza ONG, Asociaci\u00f3n Dominicana de las Naciones Unidas de la Rep\u00fablica Dominicana (ANU-RD), Grupo Estrella, CAPEX, Microsoft y la  Fundaci\u00f3n Sur Futuro, entre otros.<\/span><\/p>\n<p><span class=\"text1noticias\"> <\/span><\/p>\n<p><span class=\"text1noticias\">Toda la actividad educativa se realizaran en los salones de la Universidad Abierta para Adultos (UAPA), entidad anfitriona del encuentro acad\u00e9mico internacional, en jornadas desde la 9 :00 de la ma\u00f1ana hasta la 5:00 de la tarde del viernes 9 de marzo, con el cierre y entrega de conclusiones.<\/span>\/\/<\/p>\n<\/p>\n<h6> 2012-03-08 22:45:04 <\/h6>\n<p><!--\n<link rel=\"stylesheet\" href=\"css\/bootstrap.min.css\">\n\n\n<ul class=\"pagination\">\n\t    \n\t\n\n<li >\n\t<a href='?page_no=17800'>Previous<\/a>\n\t<\/li>\n\n\n       \n    \n\n<li><a href='?page_no=1'>1<\/a><\/li>\n\n\n\n<li><a href='?page_no=2'>2<\/a><\/li>\n\n\n\n<li><a>...<\/a><\/li>\n\n\n\n<li><a href='?page_no=17799'>17799<\/a><\/li>\n\n\n\n<li><a href='?page_no=17800'>17800<\/a><\/li>\n\n\n\n<li class='active'><a>17801<\/a><\/li>\n\n\n\n<li><a href='?page_no=17802'>17802<\/a><\/li>\n\n\n\n<li><a href='?page_no=17803'>17803<\/a><\/li>\n\n\n\n<li><a>...<\/a><\/li>\n\n\n\n<li><a href='?page_no=22911'>22911<\/a><\/li>\n\n\n\n<li><a href='?page_no=22912'>22912<\/a><\/li>\n\n    \n\t\n\n<li >\n\t<a href='?page_no=17802'>Next<\/a>\n\t<\/li>\n\n\n    \n\n<li><a href='?page_no=22912'>Last &rsaquo;&rsaquo;<\/a><\/li>\n\n<\/ul>\n\n\n--><br \/>\n<\/body><\/p>\n","protected":false},"excerpt":{"rendered":"<p>La actividad es organizada por Funglode y la UAPA, as\u00ed como otras instituciones y es la primera vez que se celebra en Santiago Rep.Dom, 8 de Marzo 06: 47 P.M.-Con la presencia de autoridades del sector educativo del pa\u00eds, fue inaugurado en el Sal\u00f3n Principal de la Gobernaci\u00f3n de Santiago, el VI Foro Iberoamericano sobre [&hellip;]<\/p>\n","protected":false},"author":3,"featured_media":0,"comment_status":"open","ping_status":"open","sticky":false,"template":"","format":"standard","meta":{"footnotes":""},"categories":[21],"tags":[],"class_list":["post-66123","post","type-post","status-publish","format-standard","hentry","category-cultura"],"_links":{"self":[{"href":"https:\/\/diariodominicano.com\/index.php?rest_route=\/wp\/v2\/posts\/66123","targetHints":{"allow":["GET"]}}],"collection":[{"href":"https:\/\/diariodominicano.com\/index.php?rest_route=\/wp\/v2\/posts"}],"about":[{"href":"https:\/\/diariodominicano.com\/index.php?rest_route=\/wp\/v2\/types\/post"}],"author":[{"embeddable":true,"href":"https:\/\/diariodominicano.com\/index.php?rest_route=\/wp\/v2\/users\/3"}],"replies":[{"embeddable":true,"href":"https:\/\/diariodominicano.com\/index.php?rest_route=%2Fwp%2Fv2%2Fcomments&post=66123"}],"version-history":[{"count":0,"href":"https:\/\/diariodominicano.com\/index.php?rest_route=\/wp\/v2\/posts\/66123\/revisions"}],"wp:attachment":[{"href":"https:\/\/diariodominicano.com\/index.php?rest_route=%2Fwp%2Fv2%2Fmedia&parent=66123"}],"wp:term":[{"taxonomy":"category","embeddable":true,"href":"https:\/\/diariodominicano.com\/index.php?rest_route=%2Fwp%2Fv2%2Fcategories&post=66123"},{"taxonomy":"post_tag","embeddable":true,"href":"https:\/\/diariodominicano.com\/index.php?rest_route=%2Fwp%2Fv2%2Ftags&post=66123"}],"curies":[{"name":"wp","href":"https:\/\/api.w.org\/{rel}","templated":true}]}}