{"id":661216,"date":"2026-01-20T09:01:04","date_gmt":"2026-01-20T13:01:04","guid":{"rendered":"https:\/\/diariodominicano.com\/?p=661216"},"modified":"2026-01-20T13:54:57","modified_gmt":"2026-01-20T17:54:57","slug":"presidenta-de-mexico-recibe-a-gobernadora-general-de-canada","status":"publish","type":"post","link":"https:\/\/diariodominicano.com\/?p=661216","title":{"rendered":"Presidenta de M\u00e9xico recibe a gobernadora general de Canad\u00e1"},"content":{"rendered":"\n<p>Ciudad de M\u00e9xico, 20 ene (Prensa Latina) La presidenta de M\u00e9xico, Claudia Sheinbaum, se reunir\u00e1 hoy en Palacio Nacional con la gobernadora general de Canad\u00e1, Mary Simon, quien realiza una visita oficial a este pa\u00eds para estrechar los lazos entre ambas naciones.<br>enero 20, 2026 | 00:04<br>Simon, que cumple funciones de jefa de Estado, lleg\u00f3 la v\u00edspera al Aeropuerto Internacional Felipe \u00c1ngeles, ubicado en el central Estado de M\u00e9xico, en compa\u00f1\u00eda de su esposo, Whit Fraser, y fue recibida por el secretario de Relaciones Exteriores, Juan Ram\u00f3n de la Fuente.<\/p>\n\n\n\n<p>Un comunicado de la cartera refiere que \u201cla visita tiene como objetivo estrechar los lazos\u201d bilaterales, en seguimiento a la realizada por el primer ministro Mark Carney en septiembre \u00faltimo, as\u00ed como \u201cdialogar sobre las pol\u00edticas prioritarias a favor de los pueblos ind\u00edgenas en ambas naciones\u201d.<\/p>\n\n\n\n<p>Desde 2021, Simon es la primera gobernadora general ind\u00edgena de Canad\u00e1, con una agenda activa en las \u00e1reas de reconciliaci\u00f3n social (especialmente con pueblos ind\u00edgenas), salud mental, bienestar, diversidad, inclusi\u00f3n, naturaleza y medio ambiente.<\/p>\n\n\n\n<p>El pa\u00eds norte\u00f1o cuenta con una forma de gobierno de monarqu\u00eda constitucional y democracia parlamentaria, y es parte de la Mancomunidad de Naciones, donde el rey Carlos III es el monarca y la gobernadora general, su representante tanto en territorio canadiense como en el exterior.<\/p>\n\n\n\n<p>La Canciller\u00eda detall\u00f3 que la gobernadora general es la responsable de tomar protesta al primer ministro y a su gabinete, de instalar y disolver el Parlamento y de actuar como comandante en jefe de las Fuerzas Armadas de la naci\u00f3n de Norteam\u00e9rica.<\/p>\n\n\n\n<p>Como resultado del encuentro sostenido en septiembre en esta capital, Carney y Sheinbaum elevaron el marco de cooperaci\u00f3n entre ambos pa\u00edses a una asociaci\u00f3n estrat\u00e9gica integral.<\/p>\n\n\n\n<p>Al anuncio se sum\u00f3 tambi\u00e9n el Plan de Acci\u00f3n M\u00e9xico-Canad\u00e1 para los pr\u00f3ximos tres a\u00f1os, una especie de hoja de ruta basada en cuatro pilares: prosperidad; movilidad, bienestar e inclusi\u00f3n; seguridad, y medio ambiente y sostenibilidad.<\/p>\n\n\n\n<p>lam\/las<\/p>\n\n\n\n<h1 class=\"wp-block-heading\">canada #Mary #M\u00e9xico #sheinbaum #Simon<\/h1>\n","protected":false},"excerpt":{"rendered":"<p>Ciudad de M\u00e9xico, 20 ene (Prensa Latina) La presidenta de M\u00e9xico, Claudia Sheinbaum, se reunir\u00e1 hoy en Palacio Nacional con la gobernadora general de Canad\u00e1, Mary Simon, quien realiza una visita oficial a este pa\u00eds para estrechar los lazos entre ambas naciones.enero 20, 2026 | 00:04Simon, que cumple funciones de jefa de Estado, lleg\u00f3 la [&hellip;]<\/p>\n","protected":false},"author":2,"featured_media":661217,"comment_status":"closed","ping_status":"closed","sticky":false,"template":"","format":"standard","meta":{"footnotes":""},"categories":[36,23,27],"tags":[314,246],"class_list":["post-661216","post","type-post","status-publish","format-standard","has-post-thumbnail","hentry","category-hombresmujeresycosas","category-internacional","category-portada","tag-canada","tag-mexico"],"_links":{"self":[{"href":"https:\/\/diariodominicano.com\/index.php?rest_route=\/wp\/v2\/posts\/661216","targetHints":{"allow":["GET"]}}],"collection":[{"href":"https:\/\/diariodominicano.com\/index.php?rest_route=\/wp\/v2\/posts"}],"about":[{"href":"https:\/\/diariodominicano.com\/index.php?rest_route=\/wp\/v2\/types\/post"}],"author":[{"embeddable":true,"href":"https:\/\/diariodominicano.com\/index.php?rest_route=\/wp\/v2\/users\/2"}],"replies":[{"embeddable":true,"href":"https:\/\/diariodominicano.com\/index.php?rest_route=%2Fwp%2Fv2%2Fcomments&post=661216"}],"version-history":[{"count":1,"href":"https:\/\/diariodominicano.com\/index.php?rest_route=\/wp\/v2\/posts\/661216\/revisions"}],"predecessor-version":[{"id":661218,"href":"https:\/\/diariodominicano.com\/index.php?rest_route=\/wp\/v2\/posts\/661216\/revisions\/661218"}],"wp:featuredmedia":[{"embeddable":true,"href":"https:\/\/diariodominicano.com\/index.php?rest_route=\/wp\/v2\/media\/661217"}],"wp:attachment":[{"href":"https:\/\/diariodominicano.com\/index.php?rest_route=%2Fwp%2Fv2%2Fmedia&parent=661216"}],"wp:term":[{"taxonomy":"category","embeddable":true,"href":"https:\/\/diariodominicano.com\/index.php?rest_route=%2Fwp%2Fv2%2Fcategories&post=661216"},{"taxonomy":"post_tag","embeddable":true,"href":"https:\/\/diariodominicano.com\/index.php?rest_route=%2Fwp%2Fv2%2Ftags&post=661216"}],"curies":[{"name":"wp","href":"https:\/\/api.w.org\/{rel}","templated":true}]}}